{"id":57627,"date":"2026-01-12T14:45:36","date_gmt":"2026-01-12T14:45:36","guid":{"rendered":"https:\/\/247stiri.ro\/index.php\/2026\/01\/12\/incendiu-de-proportii-in-prahova-o-gospodarie-in-care-era-depozitat-mult-lemn-a-fost-mistuita-de-flacari\/"},"modified":"2026-01-12T14:45:36","modified_gmt":"2026-01-12T14:45:36","slug":"incendiu-de-proportii-in-prahova-o-gospodarie-in-care-era-depozitat-mult-lemn-a-fost-mistuita-de-flacari","status":"publish","type":"post","link":"https:\/\/247stiri.ro\/index.php\/2026\/01\/12\/incendiu-de-proportii-in-prahova-o-gospodarie-in-care-era-depozitat-mult-lemn-a-fost-mistuita-de-flacari\/","title":{"rendered":"Incendiu de propor\u021bii \u00een Prahova. O gospod\u0103rie \u00een care era depozitat mult lemn a fost mistuit\u0103 de fl\u0103c\u0103ri"},"content":{"rendered":"<p>La scurt timp, la fa\u021ba locului au intervenit pompierii din cadrul Inspectoratului pentru Situa\u021bii de Urgen\u021b\u0103 Prahova cu cinci autospeciale de stingere.\u00a0<\/p>\n<p>\u201dPompierii militari din cadrul Deta\u015famentului V\u0103lenii de Munte intervin, \u00een aceste momente, pentru localizarea \u015fi lichidarea <a href=\"https:\/\/www.realitatea.net\/stiri\/actual\/tragedie-in-judetul-neamt-un-barbat-de-69-de-ani-a-murit-intrun-incendiu-provocat-de-o-tigara_6964bdd85f669b0ada5d4612\" target=\"_blank\">unui incendiu izbucnit <\/a>\u00eentr-o gospod\u0103rie din comuna Izvoarele, satul Homor\u00e2ciu. La fa\u0163a locului au fost mobilizate, progresiv, cinci autospeciale de stingere cu ap\u0103 \u015fi spum\u0103, o autocistern\u0103, o autospecial\u0103 de prim\u0103 interven\u0163ie \u015fi comand\u0103, precum \u015fi un echipaj de prim ajutor SMURD\u201d, anun\u0163\u0103, luni dup\u0103-miaz\u0103, ISU Prahova.<\/p>\n<p>Fl\u0103c\u0103rile au cuprins rapid o locuin\u0163\u0103 \u015fi anexele gospod\u0103re\u015fti construite \u00een curte, pe o suprafa\u0163\u0103 total\u0103 de aproximativ 400 de metri p\u0103tra\u0163i.<\/p>\n<p>\u00cen momentul public\u0103rii acestei \u0219tiri nu au fost raportate victime, interven\u0163ia pompierilor fiind \u00een plin\u0103 desf\u0103\u015furare.\u00a0<\/p>","protected":false},"excerpt":{"rendered":"<p>La scurt timp, la fa\u021ba locului au intervenit pompierii din cadrul Inspectoratului pentru Situa\u021bii de&hellip;<\/p>\n","protected":false},"author":0,"featured_media":57628,"comment_status":"open","ping_status":"open","sticky":false,"template":"","format":"standard","meta":{"footnotes":""},"categories":[2],"tags":[],"class_list":["post-57627","post","type-post","status-publish","format-standard","has-post-thumbnail","hentry","category-actual"],"_links":{"self":[{"href":"https:\/\/247stiri.ro\/index.php\/wp-json\/wp\/v2\/posts\/57627","targetHints":{"allow":["GET"]}}],"collection":[{"href":"https:\/\/247stiri.ro\/index.php\/wp-json\/wp\/v2\/posts"}],"about":[{"href":"https:\/\/247stiri.ro\/index.php\/wp-json\/wp\/v2\/types\/post"}],"replies":[{"embeddable":true,"href":"https:\/\/247stiri.ro\/index.php\/wp-json\/wp\/v2\/comments?post=57627"}],"version-history":[{"count":0,"href":"https:\/\/247stiri.ro\/index.php\/wp-json\/wp\/v2\/posts\/57627\/revisions"}],"wp:featuredmedia":[{"embeddable":true,"href":"https:\/\/247stiri.ro\/index.php\/wp-json\/wp\/v2\/media\/57628"}],"wp:attachment":[{"href":"https:\/\/247stiri.ro\/index.php\/wp-json\/wp\/v2\/media?parent=57627"}],"wp:term":[{"taxonomy":"category","embeddable":true,"href":"https:\/\/247stiri.ro\/index.php\/wp-json\/wp\/v2\/categories?post=57627"},{"taxonomy":"post_tag","embeddable":true,"href":"https:\/\/247stiri.ro\/index.php\/wp-json\/wp\/v2\/tags?post=57627"}],"curies":[{"name":"wp","href":"https:\/\/api.w.org\/{rel}","templated":true}]}}