{"id":5766,"date":"2024-11-08T18:29:28","date_gmt":"2024-11-08T18:29:28","guid":{"rendered":"https:\/\/247stiri.ro\/index.php\/2024\/11\/08\/roman-arestat-dupa-amenintari-cu-moartea-si-agresiuni-violente-i-a-infipt-cutitul-in-scuter-unui-barbat-si-si-a-supus-fosta-partenera-la-violente-extreme\/"},"modified":"2024-11-08T18:29:28","modified_gmt":"2024-11-08T18:29:28","slug":"roman-arestat-dupa-amenintari-cu-moartea-si-agresiuni-violente-i-a-infipt-cutitul-in-scuter-unui-barbat-si-si-a-supus-fosta-partenera-la-violente-extreme","status":"publish","type":"post","link":"https:\/\/247stiri.ro\/index.php\/2024\/11\/08\/roman-arestat-dupa-amenintari-cu-moartea-si-agresiuni-violente-i-a-infipt-cutitul-in-scuter-unui-barbat-si-si-a-supus-fosta-partenera-la-violente-extreme\/","title":{"rendered":"Rom\u00e2n arestat, dup\u0103 amenin\u021b\u0103ri cu moartea \u0219i agresiuni violente: I-a \u00eenfipt cu\u021bitul \u00een scuter unui b\u0103rbat \u0219i \u0219i-a supus fosta partener\u0103 la violen\u021be extreme"},"content":{"rendered":"<p>Incidentul violent a avut loc \u00een luna septembrie, iar b\u0103rbatul este acuzat de amenin\u021bare \u0219i tulburarea ordinii \u0219i lini\u0219tei publice. Acesta a fost cercetat ini\u021bial sub control judiciar, \u00eens\u0103 la \u00eenceputul lunii noiembrie a fost re\u021binut pentru noi fapte de violen\u021b\u0103.<\/p>\n<p>Ce au transmis oamenii legii<\/p>\n<p><a href=\"https:\/\/www.realitatea.net\/stiri\/actual\/barbat-injunghiat-pe-o-strada-din-constanta-alarmant-numarul-agresiunilor-in-plina-strada-in-crestere_66ddf141a7631657305d8993\" target=\"_blank\" rel=\"noopener\">Conform procurorilor<\/a> din Alba Iulia, \u00een data de 20 septembrie 2024, b\u0103rbatul, aflat sub influen\u021ba alcoolului, s-a prezentat \u00een fa\u021ba por\u021bii de acces a locuin\u021bei victimei din municipiul Alba Iulia, \u00eenarmat cu un cu\u021bit. Acesta a amenin\u021bat-o cu moartea pe persoana v\u0103t\u0103mat\u0103, st\u00e2rnind panic\u0103 \u0219i temere, \u0219i, \u00eentr-un acces de violen\u021b\u0103, a \u00eenfipt cu\u021bitul \u00een scuterul victimei, care era parcat pe strad\u0103, provoc\u00e2nd daune considerabile vehiculului.<\/p>\n<p>De asemenea, b\u0103rbatul a tulburat ordinea public\u0103, fiind \u00een permanen\u021b\u0103 \u00eenarmat \u0219i manifest\u00e2ndu-se violent timp de zece minute. La \u00eenceputul lunii noiembrie, acela\u0219i individ a agresat-o pe fosta sa concubin\u0103 \u00een locuin\u021ba lor comun\u0103. Potrivit anchetei, b\u0103rbatul a lovit-o repetat pe femeie \u00een zona fe\u021bei \u0219i a corpului, provoc\u00e2ndu-i leziuni care necesit\u0103 12-14 zile de \u00eengrijiri medicale.<\/p>\n<p><a href=\"https:\/\/www.realitatea.net\/stiri\/actual\/barbat-injunghiat-pe-o-strada-din-constanta-alarmant-numarul-agresiunilor-in-plina-strada-in-crestere_66ddf141a7631657305d8993\" target=\"_blank\" rel=\"noopener\">Ca urmare a acestor fapte<\/a>, b\u0103rbatul a fost prezentat instan\u021bei, iar judec\u0103torii au decis \u00eenlocuirea m\u0103surii controlului judiciar cu arestul preventiv pentru o perioad\u0103 de 30 de zile.<\/p>","protected":false},"excerpt":{"rendered":"<p>Incidentul violent a avut loc \u00een luna septembrie, iar b\u0103rbatul este acuzat de amenin\u021bare \u0219i&hellip;<\/p>\n","protected":false},"author":0,"featured_media":5767,"comment_status":"open","ping_status":"open","sticky":false,"template":"","format":"standard","meta":{"footnotes":""},"categories":[2],"tags":[],"class_list":["post-5766","post","type-post","status-publish","format-standard","has-post-thumbnail","hentry","category-actual"],"_links":{"self":[{"href":"https:\/\/247stiri.ro\/index.php\/wp-json\/wp\/v2\/posts\/5766","targetHints":{"allow":["GET"]}}],"collection":[{"href":"https:\/\/247stiri.ro\/index.php\/wp-json\/wp\/v2\/posts"}],"about":[{"href":"https:\/\/247stiri.ro\/index.php\/wp-json\/wp\/v2\/types\/post"}],"replies":[{"embeddable":true,"href":"https:\/\/247stiri.ro\/index.php\/wp-json\/wp\/v2\/comments?post=5766"}],"version-history":[{"count":0,"href":"https:\/\/247stiri.ro\/index.php\/wp-json\/wp\/v2\/posts\/5766\/revisions"}],"wp:featuredmedia":[{"embeddable":true,"href":"https:\/\/247stiri.ro\/index.php\/wp-json\/wp\/v2\/media\/5767"}],"wp:attachment":[{"href":"https:\/\/247stiri.ro\/index.php\/wp-json\/wp\/v2\/media?parent=5766"}],"wp:term":[{"taxonomy":"category","embeddable":true,"href":"https:\/\/247stiri.ro\/index.php\/wp-json\/wp\/v2\/categories?post=5766"},{"taxonomy":"post_tag","embeddable":true,"href":"https:\/\/247stiri.ro\/index.php\/wp-json\/wp\/v2\/tags?post=5766"}],"curies":[{"name":"wp","href":"https:\/\/api.w.org\/{rel}","templated":true}]}}