{"id":57660,"date":"2026-01-12T16:45:58","date_gmt":"2026-01-12T16:45:58","guid":{"rendered":"https:\/\/247stiri.ro\/index.php\/2026\/01\/12\/prabusit-in-zapada-la-7-grade-lupta-unui-barbat-cu-frigul-care-putea-sa-l-ucida-video\/"},"modified":"2026-01-12T16:45:58","modified_gmt":"2026-01-12T16:45:58","slug":"prabusit-in-zapada-la-7-grade-lupta-unui-barbat-cu-frigul-care-putea-sa-l-ucida-video","status":"publish","type":"post","link":"https:\/\/247stiri.ro\/index.php\/2026\/01\/12\/prabusit-in-zapada-la-7-grade-lupta-unui-barbat-cu-frigul-care-putea-sa-l-ucida-video\/","title":{"rendered":"Pr\u0103bu\u0219it \u00een z\u0103pad\u0103 la \u20137 grade. Lupta unui b\u0103rbat cu frigul care putea s\u0103-l ucid\u0103. VIDEO"},"content":{"rendered":"<p>O patrul\u0103 de jandarmi care trecea prin zon\u0103 a observat b\u0103rbatul c\u0103zut \u0219i a intervenit imediat. V\u00e2ntul rece \u0219i stratul de z\u0103pad\u0103 \u00eenghe\u021bat\u0103 amplificau riscul de hipotermie, astfel c\u0103 salvatorii au ac\u021bionat rapid pentru a-l proteja de frigul mu\u0219c\u0103tor. Ace\u0219tia i-au acordat primul ajutor, i-au urm\u0103rit constant starea \u0219i au solicitat sprijin medical de urgen\u021b\u0103.<\/p>\n<p>Familia, anun\u021bat\u0103 \u00een timp ce b\u0103rbatul era protejat de ger<\/p>\n<p>\u00cen acela\u0219i timp, jandarmii au reu\u0219it s\u0103 afle identitatea b\u0103rbatului \u0219i s\u0103 ia leg\u0103tura cu familia acestuia, inform\u00e2ndu-i despre situa\u021bia grav\u0103 \u00een care se afla. Expunerea prelungit\u0103 la temperaturi negative putea avea consecin\u021be severe, motiv pentru care interven\u021bia rapid\u0103 a fost esen\u021bial\u0103.<\/p>\n\n<p>Transportat la spital pentru \u00eengrijiri<\/p>\n<p>Echipajul medical sosit la fa\u021ba locului l-a preluat imediat \u0219i l-a transportat la spital, unde a primit \u00eengrijirile necesare. \u00cen condi\u021bii de ger intens, chiar \u0219i c\u00e2teva minute pot face diferen\u021ba \u00eentre via\u021b\u0103 \u0219i moarte, iar \u00een acest caz reac\u021bia prompt\u0103 a salvatorilor a \u00eempiedicat o tragedie.<\/p>\n<p><a title=\"Mor batranii de frig in case: o femeie din Ploiesti a ajuns la spital cu o temperatura a corpului de 26,8 grade Celsius. Gerul face prapad in tara\" href=\"https:\/\/www.realitatea.net\/stiri\/local\/mor-batranii-de-frig-in-case-o-femeie-din-ploiesti-a-ajuns-la-spital-cu-o-temperatura-a-corpului-de-268-grade-celsius-gerul-face-prapad-in-tara_6964eeddb83e8f10161a9c49\">Mor b\u0103tr\u00e2nii de frig \u00een case: o femeie din Ploie\u0219ti a ajuns la spital cu o temperatur\u0103 a corpului de 26,8 grade Celsius. Gerul face pr\u0103p\u0103d \u00een \u021bar\u0103<\/a><\/p>","protected":false},"excerpt":{"rendered":"<p>O patrul\u0103 de jandarmi care trecea prin zon\u0103 a observat b\u0103rbatul c\u0103zut \u0219i a intervenit&hellip;<\/p>\n","protected":false},"author":0,"featured_media":57661,"comment_status":"open","ping_status":"open","sticky":false,"template":"","format":"standard","meta":{"footnotes":""},"categories":[2],"tags":[],"class_list":["post-57660","post","type-post","status-publish","format-standard","has-post-thumbnail","hentry","category-actual"],"_links":{"self":[{"href":"https:\/\/247stiri.ro\/index.php\/wp-json\/wp\/v2\/posts\/57660","targetHints":{"allow":["GET"]}}],"collection":[{"href":"https:\/\/247stiri.ro\/index.php\/wp-json\/wp\/v2\/posts"}],"about":[{"href":"https:\/\/247stiri.ro\/index.php\/wp-json\/wp\/v2\/types\/post"}],"replies":[{"embeddable":true,"href":"https:\/\/247stiri.ro\/index.php\/wp-json\/wp\/v2\/comments?post=57660"}],"version-history":[{"count":0,"href":"https:\/\/247stiri.ro\/index.php\/wp-json\/wp\/v2\/posts\/57660\/revisions"}],"wp:featuredmedia":[{"embeddable":true,"href":"https:\/\/247stiri.ro\/index.php\/wp-json\/wp\/v2\/media\/57661"}],"wp:attachment":[{"href":"https:\/\/247stiri.ro\/index.php\/wp-json\/wp\/v2\/media?parent=57660"}],"wp:term":[{"taxonomy":"category","embeddable":true,"href":"https:\/\/247stiri.ro\/index.php\/wp-json\/wp\/v2\/categories?post=57660"},{"taxonomy":"post_tag","embeddable":true,"href":"https:\/\/247stiri.ro\/index.php\/wp-json\/wp\/v2\/tags?post=57660"}],"curies":[{"name":"wp","href":"https:\/\/api.w.org\/{rel}","templated":true}]}}