{"id":57676,"date":"2026-01-12T18:45:39","date_gmt":"2026-01-12T18:45:39","guid":{"rendered":"https:\/\/247stiri.ro\/index.php\/2026\/01\/12\/luis-lazarus-ursula-von-der-leyen-vrea-sa-treaca-acordul-mercosur-fara-votul-parlamentului\/"},"modified":"2026-01-12T18:45:39","modified_gmt":"2026-01-12T18:45:39","slug":"luis-lazarus-ursula-von-der-leyen-vrea-sa-treaca-acordul-mercosur-fara-votul-parlamentului","status":"publish","type":"post","link":"https:\/\/247stiri.ro\/index.php\/2026\/01\/12\/luis-lazarus-ursula-von-der-leyen-vrea-sa-treaca-acordul-mercosur-fara-votul-parlamentului\/","title":{"rendered":"Luis Lazarus: Ursula von der Leyen vrea s\u0103 treac\u0103 acordul Mercosur f\u0103r\u0103 votul Parlamentului"},"content":{"rendered":"<p>Mai mult, europarlamentarul vorbe\u0219te \u0219i despre abuzul asupra fermierilor care nu primesc desp\u0103gubi \u00een cazul \u00een care le sunt sacrificate animalele din cauza bolilor.\u00a0<\/p>\n<p>\u201eDoamn\u0103 pre\u0219edint\u0103, stima\u021bi colegi, auzim c\u0103 doamna Ursula von der Leyen inten\u021bioneaz\u0103 s\u0103 semneze acordul cu Mercosur. \u00centrebarea ar fi: Parlamentul European mai reprezint\u0103 ceva \u00een fa\u021ba Comisiei? Cum adic\u0103 s\u0103 semneze \u0219i s\u0103 intre \u00een vigoare f\u0103r\u0103 ca parlamentarii s\u0103-l voteze? E ceva care m\u0103 pune \u00een mare dificultate cu privire la rolul pe care noi, parlamentarii, \u00eel avem \u00een acest Parlament.<\/p>\n<p>Poate nu \u0219ti\u021bi, dar \u00een Rom\u00e2nia s-a inventat un artificiu \u00een baza c\u0103ruia, dac\u0103 iei o amend\u0103 pentru cu totul altceva ca fermier, ulterior, c\u00e2nd \u00ee\u021bi sacrific\u0103 animalele pentru o presupus\u0103 boal\u0103, nu \u00ee\u021bi mai d\u0103 niciun fel de desp\u0103gubire.<\/p>\n<p>Cum se \u00eent\u00e2mpl\u0103 a\u0219a ceva? Ce se face pentru fermieri \u00eentr-o asemenea situa\u021bie? Altfel, ovinele sunt interzise la export \u00een viu \u00een Uniunea European\u0103 dinspre Rom\u00e2nia.<\/p>\n<p>Tot a\u0219a, am f\u0103cut o scrisoare c\u0103tre domnul comisar Varelli \u0219i am primit un r\u0103spuns extrem de evaziv, ceea ce denot\u0103 c\u0103 ai domniei sale consilieri nu sunt deloc informa\u021bi \u00een leg\u0103tur\u0103 cu ce se \u00eent\u00e2mpl\u0103 \u00een Rom\u00e2nia. Poate c\u0103 ar trebui s\u0103 o fac\u0103.\u201d, a declarat europarlamentarul Luis Lazarus.<\/p>","protected":false},"excerpt":{"rendered":"<p>Mai mult, europarlamentarul vorbe\u0219te \u0219i despre abuzul asupra fermierilor care nu primesc desp\u0103gubi \u00een cazul&hellip;<\/p>\n","protected":false},"author":0,"featured_media":57673,"comment_status":"open","ping_status":"open","sticky":false,"template":"","format":"standard","meta":{"footnotes":""},"categories":[2],"tags":[],"class_list":["post-57676","post","type-post","status-publish","format-standard","has-post-thumbnail","hentry","category-actual"],"_links":{"self":[{"href":"https:\/\/247stiri.ro\/index.php\/wp-json\/wp\/v2\/posts\/57676","targetHints":{"allow":["GET"]}}],"collection":[{"href":"https:\/\/247stiri.ro\/index.php\/wp-json\/wp\/v2\/posts"}],"about":[{"href":"https:\/\/247stiri.ro\/index.php\/wp-json\/wp\/v2\/types\/post"}],"replies":[{"embeddable":true,"href":"https:\/\/247stiri.ro\/index.php\/wp-json\/wp\/v2\/comments?post=57676"}],"version-history":[{"count":0,"href":"https:\/\/247stiri.ro\/index.php\/wp-json\/wp\/v2\/posts\/57676\/revisions"}],"wp:featuredmedia":[{"embeddable":true,"href":"https:\/\/247stiri.ro\/index.php\/wp-json\/wp\/v2\/media\/57673"}],"wp:attachment":[{"href":"https:\/\/247stiri.ro\/index.php\/wp-json\/wp\/v2\/media?parent=57676"}],"wp:term":[{"taxonomy":"category","embeddable":true,"href":"https:\/\/247stiri.ro\/index.php\/wp-json\/wp\/v2\/categories?post=57676"},{"taxonomy":"post_tag","embeddable":true,"href":"https:\/\/247stiri.ro\/index.php\/wp-json\/wp\/v2\/tags?post=57676"}],"curies":[{"name":"wp","href":"https:\/\/api.w.org\/{rel}","templated":true}]}}