{"id":5770,"date":"2024-11-08T18:29:29","date_gmt":"2024-11-08T18:29:29","guid":{"rendered":"https:\/\/247stiri.ro\/index.php\/2024\/11\/08\/generalul-gabriel-oprea-cred-ca-finala-prezidentiala-din-turul-2-va-fi-intre-ciolacu-si-ciuca-2\/"},"modified":"2024-11-08T18:29:29","modified_gmt":"2024-11-08T18:29:29","slug":"generalul-gabriel-oprea-cred-ca-finala-prezidentiala-din-turul-2-va-fi-intre-ciolacu-si-ciuca-2","status":"publish","type":"post","link":"https:\/\/247stiri.ro\/index.php\/2024\/11\/08\/generalul-gabriel-oprea-cred-ca-finala-prezidentiala-din-turul-2-va-fi-intre-ciolacu-si-ciuca-2\/","title":{"rendered":"Generalul Gabriel Oprea: Cred c\u0103 finala preziden\u021bial\u0103 din turul 2 va fi \u00eentre Ciolacu \u0219i Ciuc\u0103"},"content":{"rendered":"<p>&#8222;Cred ca generalul Ciuca\u00a0va ajunge \u00een final\u0103 pentru c\u0103 are un partid in spate, are o armat\u0103 la nivel local. Marii beneficiari ai alegerilor locale au fost PNL si PSD, care au peste 85% din cele mai bine de 32.00 de prim\u0103rii din \u021bar\u0103, de aceea cred c\u0103 generalul\u00a0Ciuc\u0103 va intra \u00een turul 2,&#8221; a afirmat generalul (r) <a href=\"https:\/\/www.realitatea.net\/stiri\/actual\/generalul-gabriel-oprea-cred-ca-finala-prezidentiala-din-turul-2-va-fi-intre-ciolacu-si-ciuca_671bbfc5a25fd901731ef05e\" target=\"_blank\" rel=\"noopener\">Gabriel Oprea.<\/a><\/p>\n<p>&#8222;Geoan\u0103 are profil de pre\u0219edinte, dar nu are un partid mare \u00een spate, nu are reprezentan\u021bi \u00een sec\u021biile de votare. Este o jungl\u0103 politic\u0103, trebuie s\u0103 ai oameni care s\u0103 se bat\u0103 pentru tine \u0219i \u00een sec\u021biile de votare, dac\u0103 nu e\u0219ti atent, \u00een noaptea votului \u021bi se pot fura voturi.Noaptea votului este o lupt\u0103 cr\u00e2ncen\u0103, alegerile preziden\u021biale se cl\u0103desc pe emo\u021bie \u0219i pe ur\u0103, dar trebuie \u0219i vigilent\u0103, de aceea este foarte important\u0103 armata politic\u0103, primarii, reprezenta\u021bii \u00een sec\u021biile de votare.Reper, p\u0103rerea mea este c\u0103 \u00een turul doi ajung, indubitabil, Marcel Ciolacu \u0219i generalul Nicolae Ciuc\u0103&#8221;, a mai precizat liderul UNPR, \u00een exclusivitate la Realitatea Plus.\u00a0<\/p>","protected":false},"excerpt":{"rendered":"<p>&#8222;Cred ca generalul Ciuca\u00a0va ajunge \u00een final\u0103 pentru c\u0103 are un partid in spate, are&hellip;<\/p>\n","protected":false},"author":0,"featured_media":1943,"comment_status":"open","ping_status":"open","sticky":false,"template":"","format":"standard","meta":{"footnotes":""},"categories":[2],"tags":[],"class_list":["post-5770","post","type-post","status-publish","format-standard","has-post-thumbnail","hentry","category-actual"],"_links":{"self":[{"href":"https:\/\/247stiri.ro\/index.php\/wp-json\/wp\/v2\/posts\/5770","targetHints":{"allow":["GET"]}}],"collection":[{"href":"https:\/\/247stiri.ro\/index.php\/wp-json\/wp\/v2\/posts"}],"about":[{"href":"https:\/\/247stiri.ro\/index.php\/wp-json\/wp\/v2\/types\/post"}],"replies":[{"embeddable":true,"href":"https:\/\/247stiri.ro\/index.php\/wp-json\/wp\/v2\/comments?post=5770"}],"version-history":[{"count":0,"href":"https:\/\/247stiri.ro\/index.php\/wp-json\/wp\/v2\/posts\/5770\/revisions"}],"wp:featuredmedia":[{"embeddable":true,"href":"https:\/\/247stiri.ro\/index.php\/wp-json\/wp\/v2\/media\/1943"}],"wp:attachment":[{"href":"https:\/\/247stiri.ro\/index.php\/wp-json\/wp\/v2\/media?parent=5770"}],"wp:term":[{"taxonomy":"category","embeddable":true,"href":"https:\/\/247stiri.ro\/index.php\/wp-json\/wp\/v2\/categories?post=5770"},{"taxonomy":"post_tag","embeddable":true,"href":"https:\/\/247stiri.ro\/index.php\/wp-json\/wp\/v2\/tags?post=5770"}],"curies":[{"name":"wp","href":"https:\/\/api.w.org\/{rel}","templated":true}]}}