{"id":57740,"date":"2026-01-13T05:47:35","date_gmt":"2026-01-13T05:47:35","guid":{"rendered":"https:\/\/247stiri.ro\/index.php\/2026\/01\/13\/anul-in-care-vor-fi-interzise-centralele-de-apartament-pe-gaz-o-directiva-europeana-pune-frana-celei-mai-populare-metode-de-incalzire\/"},"modified":"2026-01-13T05:47:35","modified_gmt":"2026-01-13T05:47:35","slug":"anul-in-care-vor-fi-interzise-centralele-de-apartament-pe-gaz-o-directiva-europeana-pune-frana-celei-mai-populare-metode-de-incalzire","status":"publish","type":"post","link":"https:\/\/247stiri.ro\/index.php\/2026\/01\/13\/anul-in-care-vor-fi-interzise-centralele-de-apartament-pe-gaz-o-directiva-europeana-pune-frana-celei-mai-populare-metode-de-incalzire\/","title":{"rendered":"Anul \u00een care vor fi interzise centralele de apartament pe gaz. O directiv\u0103 european\u0103 pune fr\u00e2n\u0103 celei mai populare metode de \u00eenc\u0103lzire"},"content":{"rendered":"<p>Originea discu\u021biilor: Directiva european\u0103 2024<\/p>\n<p>Dezbaterea a luat amploare dup\u0103 ce autorit\u0103\u021bile rom\u00e2ne au \u00eenceput s\u0103 transpun\u0103 par\u021bial \u00een legisla\u021bia na\u021bional\u0103 o Directiv\u0103 european\u0103 adoptat\u0103 \u00een vara anului 2024, cu \u00eent\u00e2rziere fa\u021b\u0103 de termenul recomandat. Informa\u021biile vehiculate \u00een spa\u021biul public au fost diverse, \u00eens\u0103 multe dintre ele nu reflect\u0103 exact prevederile legale.<\/p>\n<p>Se pot monta centrale pe gaz \u00een cl\u0103dirile noi?<\/p>\n<p>P\u00e2n\u0103 la 1 ianuarie 2030, legisla\u021bia rom\u00e2n\u0103 nu prevede niciun articol care s\u0103 interzic\u0103 montarea centralelor individuale pe gaz \u00een locuin\u021bele reziden\u021biale nou construite. Practic, instalarea \u0219i utilizarea acestora r\u0103m\u00e2ne permis\u0103 p\u00e2n\u0103 la aceast\u0103 dat\u0103.<\/p>\n<p><a title=\"Care este nivelul optim de umiditate in dormitor iarna. Sfaturile expertilor \" href=\"https:\/\/www.realitatea.net\/stiri\/actual\/care-este-nivelul-optim-de-umiditate-in-dormitor-iarna-sfaturile-expertilor_6964b66edc48d46194122ae2\">Care este nivelul optim de umiditate \u00een dormitor iarna. Sfaturile exper\u021bilor<\/a><\/p>\n<p>Subven\u021bii suspendate de la 1 ianuarie 2025<\/p>\n<p>Cu toate acestea, Directiva European\u0103 adoptat\u0103 \u00een 2024 stipuleaz\u0103 c\u0103, \u00eencep\u00e2nd cu 1 ianuarie 2025, statele membre nu mai pot acorda subven\u021bii publice pentru instalarea cazanelor autonome pe combustibili fosili, inclusiv centralele pe gaz. Aceasta nu \u00eenseamn\u0103 interdic\u021bie la montaj, ci doar eliminarea sprijinului financiar, cu excep\u021bia proiectelor deja aprobate pentru finan\u021bare prin PNRR \u00eenainte de 2025.<\/p>\n<p>Viitorul centralelor: standarde ZEB<\/p>\n<p>Modificarea semnificativ\u0103 vine odat\u0103 cu cerin\u021ba ca noile cl\u0103diri s\u0103 fie cl\u0103diri cu emisii zero (ZEB). Aceast\u0103 regul\u0103 se aplic\u0103 \u00eencep\u00e2nd cu 1 ianuarie 2028 pentru cl\u0103dirile noi de\u021binute de autorit\u0103\u021bi publice \u0219i, mai t\u00e2rziu, de la 1 ianuarie 2030, pentru toate cl\u0103dirile reziden\u021biale noi. Respectarea standardelor ZEB presupune eliminarea emisiilor de carbon la fa\u021ba locului din combustibili fosili, ceea ce implic\u0103 \u0219i renun\u021barea la centralele pe gaz. Prin urmare, conform legisla\u021biei europene, de la 1 ianuarie 2030 centralele de apartament pe baz\u0103 de gaz ar trebui s\u0103 intre \u00een ilegalitate.\u00a0<\/p>\n<p>C\u00e2t mai pot fi folosite centralele pe gaz<\/p>\n<p>Conform Ministerului Dezvolt\u0103rii, centralele pe gaz vor putea fi utilizate cel pu\u021bin p\u00e2n\u0103 la 1 ianuarie 2030 \u00een cl\u0103dirile noi. P\u00e2n\u0103 la intrarea \u00een vigoare a articolului 7 alineatul (1) litera b) din Directiva (UE) 2024\/1275, nu exist\u0103 un temei legal care s\u0103 restric\u021bioneze montarea sau folosirea centralelor individuale pe gaz \u00een locuin\u021bele reziden\u021biale recent construite.<\/p>\n<p><a title=\"Temperatura ideala in casa care protejeaza instalatiile si bugetul. Cum previi inghetarea tevilor \" href=\"https:\/\/www.realitatea.net\/stiri\/actual\/temperatura-ideala-in-casa-care-protejeaza-instalatiile-si-bugetul-cum-previi-inghetarea-tevilor_696507ba7d4a5468d93226e2\">Temperatura ideal\u0103 \u00een cas\u0103 care protejeaz\u0103 instala\u021biile \u0219i bugetul. Cum previi \u00eenghe\u021barea \u021bevilor<\/a><\/p>","protected":false},"excerpt":{"rendered":"<p>Originea discu\u021biilor: Directiva european\u0103 2024 Dezbaterea a luat amploare dup\u0103 ce autorit\u0103\u021bile rom\u00e2ne au \u00eenceput&hellip;<\/p>\n","protected":false},"author":0,"featured_media":57741,"comment_status":"open","ping_status":"open","sticky":false,"template":"","format":"standard","meta":{"footnotes":""},"categories":[2],"tags":[],"class_list":["post-57740","post","type-post","status-publish","format-standard","has-post-thumbnail","hentry","category-actual"],"_links":{"self":[{"href":"https:\/\/247stiri.ro\/index.php\/wp-json\/wp\/v2\/posts\/57740","targetHints":{"allow":["GET"]}}],"collection":[{"href":"https:\/\/247stiri.ro\/index.php\/wp-json\/wp\/v2\/posts"}],"about":[{"href":"https:\/\/247stiri.ro\/index.php\/wp-json\/wp\/v2\/types\/post"}],"replies":[{"embeddable":true,"href":"https:\/\/247stiri.ro\/index.php\/wp-json\/wp\/v2\/comments?post=57740"}],"version-history":[{"count":0,"href":"https:\/\/247stiri.ro\/index.php\/wp-json\/wp\/v2\/posts\/57740\/revisions"}],"wp:featuredmedia":[{"embeddable":true,"href":"https:\/\/247stiri.ro\/index.php\/wp-json\/wp\/v2\/media\/57741"}],"wp:attachment":[{"href":"https:\/\/247stiri.ro\/index.php\/wp-json\/wp\/v2\/media?parent=57740"}],"wp:term":[{"taxonomy":"category","embeddable":true,"href":"https:\/\/247stiri.ro\/index.php\/wp-json\/wp\/v2\/categories?post=57740"},{"taxonomy":"post_tag","embeddable":true,"href":"https:\/\/247stiri.ro\/index.php\/wp-json\/wp\/v2\/tags?post=57740"}],"curies":[{"name":"wp","href":"https:\/\/api.w.org\/{rel}","templated":true}]}}