{"id":5777,"date":"2024-11-08T20:03:50","date_gmt":"2024-11-08T20:03:50","guid":{"rendered":"https:\/\/247stiri.ro\/index.php\/2024\/11\/08\/accident-tragic-intre-doua-tir-uri-pe-dn6-ambii-soferi-au-decedat\/"},"modified":"2024-11-08T20:03:50","modified_gmt":"2024-11-08T20:03:50","slug":"accident-tragic-intre-doua-tir-uri-pe-dn6-ambii-soferi-au-decedat","status":"publish","type":"post","link":"https:\/\/247stiri.ro\/index.php\/2024\/11\/08\/accident-tragic-intre-doua-tir-uri-pe-dn6-ambii-soferi-au-decedat\/","title":{"rendered":"Accident TRAGIC \u00eentre dou\u0103 TIR-uri pe DN6: Ambii \u0219oferi au decedat"},"content":{"rendered":"<p><a href=\"https:\/\/www.realitatea.net\/stiri\/actual\/accident-langa-aeroportul-sibiu-doi-copii-si-un-barbat-au-ajuns-la-spital-cu-rani-grave_672e20da93ac3752ac7b6b42\" target=\"_blank\" rel=\"noopener\">\u00a0\u00cen urma impactului,<\/a> ambii \u0219oferi au murit pe loc, iar unul dintre camioane s-a r\u0103sturnat, provoc\u00e2nd blocarea total\u0103 a drumului. Vehiculele implicate erau \u00eenmatriculate \u00een Turcia \u0219i Polonia.<\/p>\n<p>Ce au transmis oamenii legii<\/p>\n<p>Poli\u021bia Municipiului Caransebe\u0219 a fost alertat\u0103 prin num\u0103rul de urgen\u021b\u0103 112 despre accidentul rutier \u00een care au fost implicate cele dou\u0103 TIR-uri. Potrivit reprezentan\u021bilor IPJ Cara\u0219-Severin, unul dintre camioane s-a r\u0103sturnat, iar \u0219oferul celui de-al doilea vehicul a fost g\u0103sit \u00eencarcerat. Echipaje de ambulan\u021b\u0103 \u0219i descarcerare au sosit rapid la fa\u021ba locului, dar, din p\u0103cate, nu s-a mai putut face nimic pentru salvarea celor doi \u0219oferi.<\/p>\n\n<p>\u00a0 \u00a0 \u00a0 \u00a0 \u00a0 \u00a0 \u00a0 \u00a0 \u00a0 \u00a0 \u00a0 \u00a0 \u00a0 \u00a0 \u00a0 \u00a0 \u00a0 \u00a0 \u00a0 \u00a0 \u00a0 \u00a0 \u00a0 Accident mortal pe DN6 \/ Sursa foto &#8211; ISU<\/p>\n<p>\u201eDin nefericire, accidentul s-a soldat cu decesul \u0219oferului camionului \u00eenmatriculat \u00een Turcia, iar ulterior \u0219i conduc\u0103torul autotrenului \u00eenmatriculat \u00een Polonia a fost declarat decedat&#8221;, a informat IPJ Cara\u0219-Severin, potrivit news.ro.<\/p>\n<p><a href=\"https:\/\/www.realitatea.net\/stiri\/actual\/tragedie-in-gorj-un-motociclist-de-16-ani-a-murit-intrun-accident-cumplit_672e69b9b8b710264b507084\" target=\"_blank\" rel=\"noopener\">Primele date ale anchetei<\/a> sugereaz\u0103 c\u0103 viteza neadaptat\u0103 la condi\u021biile de drum \u00eentr-o curb\u0103 la dreapta ar fi fost cauza probabil\u0103 a accidentului. Circula\u021bia r\u0103m\u00e2ne restric\u021bionat\u0103 pe ambele sensuri, echipajele de interven\u021bie lucr\u00e2nd pentru deblocarea drumului \u0219i reluarea traficului \u00een siguran\u021b\u0103.<\/p>","protected":false},"excerpt":{"rendered":"<p>\u00a0\u00cen urma impactului, ambii \u0219oferi au murit pe loc, iar unul dintre camioane s-a r\u0103sturnat,&hellip;<\/p>\n","protected":false},"author":0,"featured_media":5778,"comment_status":"open","ping_status":"open","sticky":false,"template":"","format":"standard","meta":{"footnotes":""},"categories":[2],"tags":[],"class_list":["post-5777","post","type-post","status-publish","format-standard","has-post-thumbnail","hentry","category-actual"],"_links":{"self":[{"href":"https:\/\/247stiri.ro\/index.php\/wp-json\/wp\/v2\/posts\/5777","targetHints":{"allow":["GET"]}}],"collection":[{"href":"https:\/\/247stiri.ro\/index.php\/wp-json\/wp\/v2\/posts"}],"about":[{"href":"https:\/\/247stiri.ro\/index.php\/wp-json\/wp\/v2\/types\/post"}],"replies":[{"embeddable":true,"href":"https:\/\/247stiri.ro\/index.php\/wp-json\/wp\/v2\/comments?post=5777"}],"version-history":[{"count":0,"href":"https:\/\/247stiri.ro\/index.php\/wp-json\/wp\/v2\/posts\/5777\/revisions"}],"wp:featuredmedia":[{"embeddable":true,"href":"https:\/\/247stiri.ro\/index.php\/wp-json\/wp\/v2\/media\/5778"}],"wp:attachment":[{"href":"https:\/\/247stiri.ro\/index.php\/wp-json\/wp\/v2\/media?parent=5777"}],"wp:term":[{"taxonomy":"category","embeddable":true,"href":"https:\/\/247stiri.ro\/index.php\/wp-json\/wp\/v2\/categories?post=5777"},{"taxonomy":"post_tag","embeddable":true,"href":"https:\/\/247stiri.ro\/index.php\/wp-json\/wp\/v2\/tags?post=5777"}],"curies":[{"name":"wp","href":"https:\/\/api.w.org\/{rel}","templated":true}]}}