{"id":5779,"date":"2024-11-08T20:03:50","date_gmt":"2024-11-08T20:03:50","guid":{"rendered":"https:\/\/247stiri.ro\/index.php\/2024\/11\/08\/tragedie-in-gorj-un-motociclist-de-16-ani-a-murit-intr-un-accident-cumplit\/"},"modified":"2024-11-08T20:03:50","modified_gmt":"2024-11-08T20:03:50","slug":"tragedie-in-gorj-un-motociclist-de-16-ani-a-murit-intr-un-accident-cumplit","status":"publish","type":"post","link":"https:\/\/247stiri.ro\/index.php\/2024\/11\/08\/tragedie-in-gorj-un-motociclist-de-16-ani-a-murit-intr-un-accident-cumplit\/","title":{"rendered":"Tragedie \u00een Gorj: Un motociclist de 16 ani a murit \u00eentr-un accident CUMPLIT"},"content":{"rendered":"<p>Cum s-a \u00eent\u00e2mplat tragedia<\/p>\n<p><a href=\"https:\/\/www.realitatea.net\/stiri\/actual\/accident-langa-aeroportul-sibiu-doi-copii-si-un-barbat-au-ajuns-la-spital-cu-rani-grave_672e20da93ac3752ac7b6b42\" target=\"_blank\" rel=\"noopener\">T\u00e2n\u0103rul conducea<\/a> o motociclet\u0103 \u0219i a intrat \u00een coliziune cu un autoturism pe care \u00eencerca s\u0103 \u00eel dep\u0103\u0219easc\u0103, potrivit informa\u021biilor transmise de Inspectoratul de Poli\u021bie Jude\u021bean (IPJ) Gorj.<\/p>\n<p>Conform primelor cercet\u0103ri efectuate de poli\u021bi\u0219ti la locul accidentului, \u0219oferul autoturismului, un b\u0103rbat de 52 de ani din Dragote\u0219ti, circula pe Drumul Jude\u021bean 673 \u0219i a virat la st\u00e2nga pentru a intra pe podul din fa\u021ba unei locuin\u021be. \u00cen acel moment, motociclistul, care se deplasa \u00een aceea\u0219i direc\u021bie \u0219i era angajat \u00een dep\u0103\u0219irea autoturismului, s-a ciocnit cu vehiculul.<\/p>\n<p>Impactul a fost fatal pentru t\u00e2n\u0103rul motociclist, care a decedat la fa\u021ba locului. \u0218oferul autoturismului a fost testat cu aparatul etilotest, rezultatul fiind negativ, conform datelor furnizate de Agerpres.<\/p>\n<p><a href=\"https:\/\/www.realitatea.net\/stiri\/actual\/barbat-lovit-mortal-de-un-camion-dupa-ce-a-coborat-din-masina-sa-repare-o-pana-sfarsit-tragic-pe-a1_672dd71b5d8fde0f3b19f32a\" target=\"_blank\" rel=\"noopener\">Poli\u021bia a deschis un dosar penal<\/a> pentru ucidere din culp\u0103 \u0219i continu\u0103 cercet\u0103rile pentru a stabili circumstan\u021bele exacte \u00een care s-a produs accidentul, urm\u00e2nd s\u0103 clarifice toate detaliile acestui tragic eveniment.<\/p>","protected":false},"excerpt":{"rendered":"<p>Cum s-a \u00eent\u00e2mplat tragedia T\u00e2n\u0103rul conducea o motociclet\u0103 \u0219i a intrat \u00een coliziune cu un&hellip;<\/p>\n","protected":false},"author":0,"featured_media":5780,"comment_status":"open","ping_status":"open","sticky":false,"template":"","format":"standard","meta":{"footnotes":""},"categories":[2],"tags":[],"class_list":["post-5779","post","type-post","status-publish","format-standard","has-post-thumbnail","hentry","category-actual"],"_links":{"self":[{"href":"https:\/\/247stiri.ro\/index.php\/wp-json\/wp\/v2\/posts\/5779","targetHints":{"allow":["GET"]}}],"collection":[{"href":"https:\/\/247stiri.ro\/index.php\/wp-json\/wp\/v2\/posts"}],"about":[{"href":"https:\/\/247stiri.ro\/index.php\/wp-json\/wp\/v2\/types\/post"}],"replies":[{"embeddable":true,"href":"https:\/\/247stiri.ro\/index.php\/wp-json\/wp\/v2\/comments?post=5779"}],"version-history":[{"count":0,"href":"https:\/\/247stiri.ro\/index.php\/wp-json\/wp\/v2\/posts\/5779\/revisions"}],"wp:featuredmedia":[{"embeddable":true,"href":"https:\/\/247stiri.ro\/index.php\/wp-json\/wp\/v2\/media\/5780"}],"wp:attachment":[{"href":"https:\/\/247stiri.ro\/index.php\/wp-json\/wp\/v2\/media?parent=5779"}],"wp:term":[{"taxonomy":"category","embeddable":true,"href":"https:\/\/247stiri.ro\/index.php\/wp-json\/wp\/v2\/categories?post=5779"},{"taxonomy":"post_tag","embeddable":true,"href":"https:\/\/247stiri.ro\/index.php\/wp-json\/wp\/v2\/tags?post=5779"}],"curies":[{"name":"wp","href":"https:\/\/api.w.org\/{rel}","templated":true}]}}