{"id":5781,"date":"2024-11-08T20:03:50","date_gmt":"2024-11-08T20:03:50","guid":{"rendered":"https:\/\/247stiri.ro\/index.php\/2024\/11\/08\/alti-doi-romani-disparuti-in-urma-inundatiilor-din-valencia-identificati-ca-fiind-decedati-mae\/"},"modified":"2024-11-08T20:03:50","modified_gmt":"2024-11-08T20:03:50","slug":"alti-doi-romani-disparuti-in-urma-inundatiilor-din-valencia-identificati-ca-fiind-decedati-mae","status":"publish","type":"post","link":"https:\/\/247stiri.ro\/index.php\/2024\/11\/08\/alti-doi-romani-disparuti-in-urma-inundatiilor-din-valencia-identificati-ca-fiind-decedati-mae\/","title":{"rendered":"Al\u0163i doi rom\u00e2ni disp\u0103ru\u0163i \u00een urma inunda\u0163iilor din Valencia, identifica\u0163i ca fiind deceda\u0163i &#8211; MAE"},"content":{"rendered":"<p>\u201d\u00cen continuarea comunic\u0103rilor privind situa\u0163ia cet\u0103\u0163enilor rom\u00e2ni din Comunitatea Valencian\u0103 &#8211; Regatul Spaniei afecta\u0163i de inunda\u0163ii, Ministerul Afacerilor Externe informeaz\u0103 c\u0103, potrivit informa\u0163iilor transmise de c\u0103tre autorit\u0103\u0163ile spaniole, al\u0163i doi cet\u0103\u0163eni rom\u00e2ni semnala\u0163i ini\u0163ial ca fiind disp\u0103ru\u0163i au fost identifica\u0163i ca fiind deceda\u0163i. Ministerul Afacerilor Externe transmite condolean\u0163e familiilor \u00eendoliate\u201d, a transmis MAE, \u00eentr-un comunicat de pres\u0103 transmis vineri sear\u0103.<\/p>\n<p><a title=\"Noi inundatii in Spania. Masini luate pe sus de aluviuni, in Catalonia VIDEO\" href=\"https:\/\/www.realitatea.net\/stiri\/actual\/noi-inundatii-in-spania-masini-luate-pe-sus-de-aluviuni-in-catalonia-video_672e0af910cdef60ab0f9b9b\">Noi inunda\u021bii \u00een Spania. Ma\u0219ini luate pe sus de aluviuni, \u00een Catalonia VIDEO<\/a><\/p>\n<p>P\u00e2n\u0103 \u00een prezent, \u00een urma fenomenelor meteorologice care au afectat Spania, 4 cet\u0103\u0163eni rom\u00e2ni au decedat \u015fi 7 cet\u0103\u0163eni rom\u00e2ni sunt \u00een continuare disp\u0103ru\u0163i.<\/p>\n<p><a title=\"Transmisiune speciala din Spania distrusa de inundatii. Anca Alexandrescu se intalneste cu romanii supravietuitori VIDEO\" href=\"https:\/\/www.realitatea.net\/stiri\/actual\/transmisiune-speciala-din-spania-distrusa-de-inundatii-anca-alexandrscu-se-intalneste-cu-romanii-supravietuitori-video_672df16ccaa475772a09312c\">Transmisiune special\u0103 din Spania distrus\u0103 de inunda\u021bii. Anca Alexandrescu se \u00eent\u00e2lne\u0219te cu rom\u00e2nii supravie\u021buitori VIDEO<\/a><\/p>","protected":false},"excerpt":{"rendered":"<p>\u201d\u00cen continuarea comunic\u0103rilor privind situa\u0163ia cet\u0103\u0163enilor rom\u00e2ni din Comunitatea Valencian\u0103 &#8211; Regatul Spaniei afecta\u0163i de&hellip;<\/p>\n","protected":false},"author":0,"featured_media":5782,"comment_status":"open","ping_status":"open","sticky":false,"template":"","format":"standard","meta":{"footnotes":""},"categories":[2],"tags":[],"class_list":["post-5781","post","type-post","status-publish","format-standard","has-post-thumbnail","hentry","category-actual"],"_links":{"self":[{"href":"https:\/\/247stiri.ro\/index.php\/wp-json\/wp\/v2\/posts\/5781","targetHints":{"allow":["GET"]}}],"collection":[{"href":"https:\/\/247stiri.ro\/index.php\/wp-json\/wp\/v2\/posts"}],"about":[{"href":"https:\/\/247stiri.ro\/index.php\/wp-json\/wp\/v2\/types\/post"}],"replies":[{"embeddable":true,"href":"https:\/\/247stiri.ro\/index.php\/wp-json\/wp\/v2\/comments?post=5781"}],"version-history":[{"count":0,"href":"https:\/\/247stiri.ro\/index.php\/wp-json\/wp\/v2\/posts\/5781\/revisions"}],"wp:featuredmedia":[{"embeddable":true,"href":"https:\/\/247stiri.ro\/index.php\/wp-json\/wp\/v2\/media\/5782"}],"wp:attachment":[{"href":"https:\/\/247stiri.ro\/index.php\/wp-json\/wp\/v2\/media?parent=5781"}],"wp:term":[{"taxonomy":"category","embeddable":true,"href":"https:\/\/247stiri.ro\/index.php\/wp-json\/wp\/v2\/categories?post=5781"},{"taxonomy":"post_tag","embeddable":true,"href":"https:\/\/247stiri.ro\/index.php\/wp-json\/wp\/v2\/tags?post=5781"}],"curies":[{"name":"wp","href":"https:\/\/api.w.org\/{rel}","templated":true}]}}