{"id":5783,"date":"2024-11-08T20:03:51","date_gmt":"2024-11-08T20:03:51","guid":{"rendered":"https:\/\/247stiri.ro\/index.php\/2024\/11\/08\/incident-in-parcul-central-din-targu-jiu-o-soferita-a-patruns-cu-masina-pe-aleea-scaunelor-si-a-ajuns-langa-masa-tacerii\/"},"modified":"2024-11-08T20:03:51","modified_gmt":"2024-11-08T20:03:51","slug":"incident-in-parcul-central-din-targu-jiu-o-soferita-a-patruns-cu-masina-pe-aleea-scaunelor-si-a-ajuns-langa-masa-tacerii","status":"publish","type":"post","link":"https:\/\/247stiri.ro\/index.php\/2024\/11\/08\/incident-in-parcul-central-din-targu-jiu-o-soferita-a-patruns-cu-masina-pe-aleea-scaunelor-si-a-ajuns-langa-masa-tacerii\/","title":{"rendered":"Incident \u00een Parcul Central din T\u00e2rgu Jiu: O \u0219oferi\u021b\u0103 a p\u0103truns cu ma\u0219ina pe Aleea Scaunelor \u0219i a ajuns l\u00e2ng\u0103 Masa T\u0103cerii"},"content":{"rendered":"<p>\u00cen drumul s\u0103u, \u0219oferi\u021ba a trecut prin Poarta S\u0103rutului, intr\u00e2nd astfel cu ma\u0219ina \u00eentr-un spa\u021biu destinat exclusiv vizitatorilor pietoni.<\/p>\n<p>\u0218oferi\u021ba a fost amendat\u0103 1.000 de lei<\/p>\n<p><a href=\"https:\/\/www.realitatea.net\/stiri\/actual\/tupeu-maxim-sia-parcat-masina-pe-linia-de-tramvai-apoi-a-iesit-in-pijamele-sa-vada-ce-haos-a-creat_670faf8bf8773730177269a6\" target=\"_blank\" rel=\"noopener\">Imaginile surprinse<\/a> de Poli\u021bia Local\u0103 T\u00e2rgu Jiu, publicate pe re\u021belele de socializare, arat\u0103 autoturismul \u00eenmatriculat \u00een Bucure\u0219ti parcat aproape de ansamblul monumental. Potrivit autorit\u0103\u021bilor, femeia a fost sanc\u021bionat\u0103 cu o amend\u0103 de 1.000 de lei, conform regulamentului local (HCL nr. 33\/2023), \u0219i a fost escortat\u0103 \u00een afara parcului.<\/p>\n<p>Incidentul a st\u00e2rnit indignare, av\u00e2nd \u00een vedere valoarea cultural\u0103 \u0219i simbolic\u0103 a operelor din Parcul Central, parte a ansamblului \u201eCalea Eroilor\u201d creat de Br\u00e2ncu\u0219i. Acesta a fost realizat \u00een anii 1937-1938, pentru a omagia eroii c\u0103zu\u021bi \u00een b\u0103t\u0103lia de la Jiu, \u0219i cuprinde opere celebre precum Coloana f\u0103r\u0103 Sf\u00e2r\u0219it, Poarta S\u0103rutului, Masa T\u0103cerii \u0219i Aleea Scaunelor. Recent, ansamblul a fost inclus \u00een patrimoniul mondial UNESCO, fapt ce subliniaz\u0103 importan\u021ba protej\u0103rii acestor monumente de orice incidente sau deterior\u0103ri.<\/p>\n<p>Autorit\u0103\u021bile locale \u00ee\u0219i reafirm\u0103 angajamentul de a proteja patrimoniul na\u021bional \u0219i fac apel la vizitatori <a href=\"https:\/\/www.realitatea.net\/stiri\/actual\/accident-mortal-in-brasov-o-femeie-de-65-de-ani-ucisa-de-greseala-stupida-a-soferului-a-fost-lovita-in-plin-de-masina-parcata-in-panta_6537e40e9b913677f2707503\" target=\"_blank\" rel=\"noopener\">s\u0103 respecte regulile de acces \u00een zona monumentelor.<\/a><\/p>","protected":false},"excerpt":{"rendered":"<p>\u00cen drumul s\u0103u, \u0219oferi\u021ba a trecut prin Poarta S\u0103rutului, intr\u00e2nd astfel cu ma\u0219ina \u00eentr-un spa\u021biu&hellip;<\/p>\n","protected":false},"author":0,"featured_media":5784,"comment_status":"open","ping_status":"open","sticky":false,"template":"","format":"standard","meta":{"footnotes":""},"categories":[2],"tags":[],"class_list":["post-5783","post","type-post","status-publish","format-standard","has-post-thumbnail","hentry","category-actual"],"_links":{"self":[{"href":"https:\/\/247stiri.ro\/index.php\/wp-json\/wp\/v2\/posts\/5783","targetHints":{"allow":["GET"]}}],"collection":[{"href":"https:\/\/247stiri.ro\/index.php\/wp-json\/wp\/v2\/posts"}],"about":[{"href":"https:\/\/247stiri.ro\/index.php\/wp-json\/wp\/v2\/types\/post"}],"replies":[{"embeddable":true,"href":"https:\/\/247stiri.ro\/index.php\/wp-json\/wp\/v2\/comments?post=5783"}],"version-history":[{"count":0,"href":"https:\/\/247stiri.ro\/index.php\/wp-json\/wp\/v2\/posts\/5783\/revisions"}],"wp:featuredmedia":[{"embeddable":true,"href":"https:\/\/247stiri.ro\/index.php\/wp-json\/wp\/v2\/media\/5784"}],"wp:attachment":[{"href":"https:\/\/247stiri.ro\/index.php\/wp-json\/wp\/v2\/media?parent=5783"}],"wp:term":[{"taxonomy":"category","embeddable":true,"href":"https:\/\/247stiri.ro\/index.php\/wp-json\/wp\/v2\/categories?post=5783"},{"taxonomy":"post_tag","embeddable":true,"href":"https:\/\/247stiri.ro\/index.php\/wp-json\/wp\/v2\/tags?post=5783"}],"curies":[{"name":"wp","href":"https:\/\/api.w.org\/{rel}","templated":true}]}}