{"id":57841,"date":"2026-01-13T11:45:17","date_gmt":"2026-01-13T11:45:17","guid":{"rendered":"https:\/\/247stiri.ro\/index.php\/2026\/01\/13\/alerta-in-municipiul-campina-alunecare-de-teren-urmata-de-prabusirea-terasamentului-pe-bulevardul-carol-i-foto\/"},"modified":"2026-01-13T11:45:17","modified_gmt":"2026-01-13T11:45:17","slug":"alerta-in-municipiul-campina-alunecare-de-teren-urmata-de-prabusirea-terasamentului-pe-bulevardul-carol-i-foto","status":"publish","type":"post","link":"https:\/\/247stiri.ro\/index.php\/2026\/01\/13\/alerta-in-municipiul-campina-alunecare-de-teren-urmata-de-prabusirea-terasamentului-pe-bulevardul-carol-i-foto\/","title":{"rendered":"Alert\u0103 \u00een municipiul C\u00e2mpina. Alunecare de teren urmat\u0103 de pr\u0103bu\u0219irea terasamentului pe Bulevardul Carol I &#8211; FOTO"},"content":{"rendered":"<p>\u201dEste destul de grav\u0103 situa\u021bia pentru c\u0103 acolo exist\u0103 un filon de sare, <a href=\"https:\/\/www.realitatea.net\/stiri\/actual\/alunecare-de-teren-pe-in-zona-comarnic-trafic-restrictionat-pe-dn1_693097e3bf8c091b896d4421\" target=\"_blank\">alunecarea<\/a> este pe aproximativ 150-200 de metri. Ieri s-a deplasat la fa\u021ba locului Comisia de Evaluare. Urmeaz\u0103 s\u0103 se fac\u0103 un studiu geotehnic, un studiu hidrologic, iar \u00een baza lor s\u0103 se \u00eentocmeasc\u0103 un raport de expertiz\u0103 final cu lucr\u0103rile care trebuiesc f\u0103cute\u201d, a declarat Virgiliu Nanu.<\/p>\n\n<p>Pre\u0219edintele Consiliului Jude\u021bean Prahova a subliniat c\u0103 \u00een zona respectiv\u0103 au fost efectuate \u00een mod repetat lucr\u0103ri de repara\u021bii, \u00eens\u0103 nu a fost f\u0103cut\u0103 \u0219i o lucrare de consolidare.<\/p>\n\n<p>\u201dLucrarea este destul de grav\u0103 \u0219i, ca atare, trebuie solicita\u021bi bani de la Guvern, astfel \u00eenc\u00e2t s\u0103 putem face aceste interven\u021bii, c\u0103 nu sunt interven\u021bii simple \u0219i ieftine. Urmeaz\u0103 (s\u0103 avem estimare a costurilor &#8211; n.r.), dar asta dup\u0103 ce vom avea un raport de expertiz\u0103 complet, pentru c\u0103, dac\u0103 discut\u0103m de solu\u021bii temporare, discut\u0103m de vreo 7 milioane de lei, dac\u0103 discut\u0103m de solu\u021bii definitive, care sunt solu\u021bii complexe \u0219i ample, s-ar putea s\u0103 coste zeci de milioane\u201d, a mai spus oficialul.\u00a0<\/p>\n\n<p>Potrivit lui, \u00een zon\u0103 se circul\u0103 pe un singur fir, toat\u0103 banda de urcare Cornu-C\u00e2mpina fiind \u00eenchis\u0103 p\u00e2n\u0103 la finalizarea lucr\u0103rilor.\u00a0<\/p>\n<p>\u00a0<\/p>","protected":false},"excerpt":{"rendered":"<p>\u201dEste destul de grav\u0103 situa\u021bia pentru c\u0103 acolo exist\u0103 un filon de sare, alunecarea este&hellip;<\/p>\n","protected":false},"author":0,"featured_media":57842,"comment_status":"open","ping_status":"open","sticky":false,"template":"","format":"standard","meta":{"footnotes":""},"categories":[2],"tags":[],"class_list":["post-57841","post","type-post","status-publish","format-standard","has-post-thumbnail","hentry","category-actual"],"_links":{"self":[{"href":"https:\/\/247stiri.ro\/index.php\/wp-json\/wp\/v2\/posts\/57841","targetHints":{"allow":["GET"]}}],"collection":[{"href":"https:\/\/247stiri.ro\/index.php\/wp-json\/wp\/v2\/posts"}],"about":[{"href":"https:\/\/247stiri.ro\/index.php\/wp-json\/wp\/v2\/types\/post"}],"replies":[{"embeddable":true,"href":"https:\/\/247stiri.ro\/index.php\/wp-json\/wp\/v2\/comments?post=57841"}],"version-history":[{"count":0,"href":"https:\/\/247stiri.ro\/index.php\/wp-json\/wp\/v2\/posts\/57841\/revisions"}],"wp:featuredmedia":[{"embeddable":true,"href":"https:\/\/247stiri.ro\/index.php\/wp-json\/wp\/v2\/media\/57842"}],"wp:attachment":[{"href":"https:\/\/247stiri.ro\/index.php\/wp-json\/wp\/v2\/media?parent=57841"}],"wp:term":[{"taxonomy":"category","embeddable":true,"href":"https:\/\/247stiri.ro\/index.php\/wp-json\/wp\/v2\/categories?post=57841"},{"taxonomy":"post_tag","embeddable":true,"href":"https:\/\/247stiri.ro\/index.php\/wp-json\/wp\/v2\/tags?post=57841"}],"curies":[{"name":"wp","href":"https:\/\/api.w.org\/{rel}","templated":true}]}}