{"id":5785,"date":"2024-11-08T20:03:51","date_gmt":"2024-11-08T20:03:51","guid":{"rendered":"https:\/\/247stiri.ro\/index.php\/2024\/11\/08\/liderul-pnl-vizita-in-bacau-nicolae-ciuca-a-vizitat-scoli-crese-spitale-finantate-din-fonduri-europene\/"},"modified":"2024-11-08T20:03:51","modified_gmt":"2024-11-08T20:03:51","slug":"liderul-pnl-vizita-in-bacau-nicolae-ciuca-a-vizitat-scoli-crese-spitale-finantate-din-fonduri-europene","status":"publish","type":"post","link":"https:\/\/247stiri.ro\/index.php\/2024\/11\/08\/liderul-pnl-vizita-in-bacau-nicolae-ciuca-a-vizitat-scoli-crese-spitale-finantate-din-fonduri-europene\/","title":{"rendered":"Liderul PNL, vizit\u0103 \u00een Bac\u0103u: Nicolae Ciuc\u0103 a vizitat \u0219coli, cre\u0219e, spitale finan\u021bate din fonduri europene"},"content":{"rendered":"<p>Liderul PNL \u0219i-a \u00eenceput vizita la Bac\u0103u la biseric\u0103. A fost prezent la slujba de Sf\u00e2ntul Mihail \u0219i Gavril.\u00a0<\/p>\n<p>Nicolae Ciuc\u0103 a f\u0103cut apoi o vizit\u0103 \u00een D\u0103rm\u0103ne\u0219ti (primar PNL Toma Constantin, al treilea mandat).\u00a0Liderii au vizitat \u0219antierul unei cre\u0219e \u00eencepute \u00een aceast\u0103 var\u0103, finan\u021bat\u0103 din fonduri europene, care ar urma s\u0103 fie finalizat\u0103 anul viitor, \u00een iunie. Ar urma s\u0103 fie singura cre\u0219\u0103 din D\u0103rm\u0103ne\u0219ti.\u00a0Liderul PNL a subliniat c\u0103 e nevoie de astfel de construc\u021bii pentru c\u0103 de asta au nevoie tinerele familii.\u00a0<\/p>\n<p>Tot \u00een D\u0103rm\u0103ne\u0219ti liderul PNL a vizitat \u0219antierul pentru varianta ocolitoare D\u0103rm\u0103ne\u0219ti. Posibil \u00een 2025 se termina, sunt la 90% lucr\u0103ri finalizate, o investi\u021bie de 21 milioane lei, 4,7 km.\u00a0<\/p>\n<p>Tot \u00een D\u0103rm\u0103ne\u0219ti liderii au vizitat un liceu din oras care se modernizeaz\u0103 \u0219i extinde (tot prin fonduri europene).<\/p>\n<p>Apoi au vizitat \u0219i insulele ecologice. Vor fi 2000 de astfel de insule \u00een Rom\u00e2nia, 400 sunt doar \u00een Bac\u0103u. De\u0219eurile vor fi colectate cu cartele \u0219i func\u021bioneaz\u0103 cu ajutorul unor senzori.\u00a0<\/p>\n<p>Vizita a continuat la Com\u0103ne\u0219ti, spitalul Ioan Lasc\u0103r. Sunt peste 60 medici care lucreaz\u0103 aici. Spitalul a fost reabilitat \u0219i modernizat anul acesta cu fonduri europene. Aici conduce primarul pnl, Viorel Miron, la al 6 lea mandat.<\/p>\n<p>CMF: 31240003<\/p>","protected":false},"excerpt":{"rendered":"<p>Liderul PNL \u0219i-a \u00eenceput vizita la Bac\u0103u la biseric\u0103. A fost prezent la slujba de&hellip;<\/p>\n","protected":false},"author":0,"featured_media":5776,"comment_status":"open","ping_status":"open","sticky":false,"template":"","format":"standard","meta":{"footnotes":""},"categories":[2],"tags":[],"class_list":["post-5785","post","type-post","status-publish","format-standard","has-post-thumbnail","hentry","category-actual"],"_links":{"self":[{"href":"https:\/\/247stiri.ro\/index.php\/wp-json\/wp\/v2\/posts\/5785","targetHints":{"allow":["GET"]}}],"collection":[{"href":"https:\/\/247stiri.ro\/index.php\/wp-json\/wp\/v2\/posts"}],"about":[{"href":"https:\/\/247stiri.ro\/index.php\/wp-json\/wp\/v2\/types\/post"}],"replies":[{"embeddable":true,"href":"https:\/\/247stiri.ro\/index.php\/wp-json\/wp\/v2\/comments?post=5785"}],"version-history":[{"count":0,"href":"https:\/\/247stiri.ro\/index.php\/wp-json\/wp\/v2\/posts\/5785\/revisions"}],"wp:featuredmedia":[{"embeddable":true,"href":"https:\/\/247stiri.ro\/index.php\/wp-json\/wp\/v2\/media\/5776"}],"wp:attachment":[{"href":"https:\/\/247stiri.ro\/index.php\/wp-json\/wp\/v2\/media?parent=5785"}],"wp:term":[{"taxonomy":"category","embeddable":true,"href":"https:\/\/247stiri.ro\/index.php\/wp-json\/wp\/v2\/categories?post=5785"},{"taxonomy":"post_tag","embeddable":true,"href":"https:\/\/247stiri.ro\/index.php\/wp-json\/wp\/v2\/tags?post=5785"}],"curies":[{"name":"wp","href":"https:\/\/api.w.org\/{rel}","templated":true}]}}