{"id":5786,"date":"2024-11-08T20:03:51","date_gmt":"2024-11-08T20:03:51","guid":{"rendered":"https:\/\/247stiri.ro\/index.php\/2024\/11\/08\/cine-este-fata-de-gheata-care-va-fi-sefa-de-cabinet-a-lui-donald-trump\/"},"modified":"2024-11-08T20:03:51","modified_gmt":"2024-11-08T20:03:51","slug":"cine-este-fata-de-gheata-care-va-fi-sefa-de-cabinet-a-lui-donald-trump","status":"publish","type":"post","link":"https:\/\/247stiri.ro\/index.php\/2024\/11\/08\/cine-este-fata-de-gheata-care-va-fi-sefa-de-cabinet-a-lui-donald-trump\/","title":{"rendered":"Cine este \u201efata de ghea\u0163\u0103\u201d care va fi \u015fefa de cabinet a lui Donald Trump?"},"content":{"rendered":"<p class=\"selectable-text copyable-text x15bjb6t x1n2onr6\">Donald Trump a numit-o joi pe \u015fefa sa de campanie Susie Wiles \u00een func\u0163ia de \u015fef de cabinet la Casa Alb\u0103. Este prima numire pe care o face de la c\u00e2\u015ftigarea alegerilor de mar\u0163i \u00eempotriva vicepre\u015fedintelui democrat Kamala Harris. Wiles, care urmeaz\u0103 s\u0103 conduc\u0103 activit\u0103\u0163ile zilnice de la Casa Alb\u0103, este prima femeie care de\u0163ine acest rol, potrivit BBC, citat de News.ro.<\/p>\n<p class=\"selectable-text copyable-text x15bjb6t x1n2onr6\">Un strateg republican de lung\u0103 durat\u0103, considerat\u0103 unul dintre cei mai temu\u0163i \u015fi respecta\u0163i consilieri politici din \u0163ar\u0103, Susie Wiles, \u00een v\u00e2rst\u0103 de 67 de ani, este \u00een general creditat\u0103 &#8211; al\u0103turi de co-managerul de campanie Chris LaCivita &#8211; pentru succesul celei mai disciplinate \u015fi elaborate dintre cele trei campanii preziden\u0163iale ale lui Trump, scrie Reuters.<\/p>\n<p class=\"selectable-text copyable-text x15bjb6t x1n2onr6\">Chiar dac\u0103 n-a reu\u0219it\u00a0\u00eentotdeauna s\u0103 \u00eel \u00eempiedice pe Trump s\u0103 ias\u0103 din scenariu, a redus la un minim relativ scurgerile de informa\u0163ii d\u0103un\u0103toare \u00een pres\u0103 \u0219i a elaborat strategie \u00eendr\u0103znea\u0163\u0103 \u015fi de succes pentru a c\u00e2\u015ftiga electoratul latino \u015fi de culoare.<\/p>\n<p class=\"selectable-text copyable-text x15bjb6t x1n2onr6\">Wiles a \u00eenceput prin a lucra pentru campania de succes a pre\u015fedintelui republican Ronald Reagan \u00een 1980. Timp de ani de zile, ea a lucrat cu unii republicani modera\u0163i care promovau politici dramatic diferite de cele ale lui Trump. <\/p>\n<p class=\"selectable-text copyable-text x15bjb6t x1n2onr6\">Pe actualul pre\u0219edinte ales l-a cunoscut \u00een timpul alegerilor primare preziden\u0163iale republicane din 2015 \u015fi a devenit copre\u015fedint\u0103 a campaniei sale din Florida, considerat la acea vreme un stat cu o situa\u0163ie de cump\u0103n\u0103 \u0219i i-a adus o victorie la limit\u0103 \u00eempotriva lui Hillary Clinton.<\/p>\n<p class=\"selectable-text copyable-text x15bjb6t x1n2onr6\">De\u015fi Wiles este o persoan\u0103 prietenoas\u0103, pu\u0163ini o cunosc cu adev\u0103rat \u015fi este enigmatic\u0103 pentru un strateg politic de talia sa. Ca mul\u0163i manageri de campanie de succes, ea poate fi nemiloas\u0103 atunci c\u00e2nd este cazul, acesta fiind probabil motivul pentru care \u00een discursul s\u0103u de victorie, Trump a numit-o \u201efata de ghea\u0163\u0103\u201d.<\/p>\n<p class=\"selectable-text copyable-text x15bjb6t x1n2onr6\">\u00a0<\/p>","protected":false},"excerpt":{"rendered":"<p>Donald Trump a numit-o joi pe \u015fefa sa de campanie Susie Wiles \u00een func\u0163ia de&hellip;<\/p>\n","protected":false},"author":0,"featured_media":5774,"comment_status":"open","ping_status":"open","sticky":false,"template":"","format":"standard","meta":{"footnotes":""},"categories":[2],"tags":[],"class_list":["post-5786","post","type-post","status-publish","format-standard","has-post-thumbnail","hentry","category-actual"],"_links":{"self":[{"href":"https:\/\/247stiri.ro\/index.php\/wp-json\/wp\/v2\/posts\/5786","targetHints":{"allow":["GET"]}}],"collection":[{"href":"https:\/\/247stiri.ro\/index.php\/wp-json\/wp\/v2\/posts"}],"about":[{"href":"https:\/\/247stiri.ro\/index.php\/wp-json\/wp\/v2\/types\/post"}],"replies":[{"embeddable":true,"href":"https:\/\/247stiri.ro\/index.php\/wp-json\/wp\/v2\/comments?post=5786"}],"version-history":[{"count":0,"href":"https:\/\/247stiri.ro\/index.php\/wp-json\/wp\/v2\/posts\/5786\/revisions"}],"wp:featuredmedia":[{"embeddable":true,"href":"https:\/\/247stiri.ro\/index.php\/wp-json\/wp\/v2\/media\/5774"}],"wp:attachment":[{"href":"https:\/\/247stiri.ro\/index.php\/wp-json\/wp\/v2\/media?parent=5786"}],"wp:term":[{"taxonomy":"category","embeddable":true,"href":"https:\/\/247stiri.ro\/index.php\/wp-json\/wp\/v2\/categories?post=5786"},{"taxonomy":"post_tag","embeddable":true,"href":"https:\/\/247stiri.ro\/index.php\/wp-json\/wp\/v2\/tags?post=5786"}],"curies":[{"name":"wp","href":"https:\/\/api.w.org\/{rel}","templated":true}]}}