{"id":57861,"date":"2026-01-13T12:45:29","date_gmt":"2026-01-13T12:45:29","guid":{"rendered":"https:\/\/247stiri.ro\/index.php\/2026\/01\/13\/radu-miruta-daca-sua-ataca-groenlanda-toate-statele-nato-se-implica-trimitem-trupe-daca-ni-se-cere\/"},"modified":"2026-01-13T12:45:29","modified_gmt":"2026-01-13T12:45:29","slug":"radu-miruta-daca-sua-ataca-groenlanda-toate-statele-nato-se-implica-trimitem-trupe-daca-ni-se-cere","status":"publish","type":"post","link":"https:\/\/247stiri.ro\/index.php\/2026\/01\/13\/radu-miruta-daca-sua-ataca-groenlanda-toate-statele-nato-se-implica-trimitem-trupe-daca-ni-se-cere\/","title":{"rendered":"Radu Miru\u021b\u0103: \u201dDac\u0103 SUA atac\u0103 Groenlanda, toate statele NATO se implic\u0103. Trimitem trupe dac\u0103 ni se cere\u201d"},"content":{"rendered":"<p>\u201dDiscu\u021bia a \u00eenceput de c\u00e2nd cu declara\u021biile privind Groenlanda, pentru c\u0103 un stat membru NATO spune c\u0103 nu exclude nicio metod\u0103, inclusiv de atac \u00eempotriva altei \u021b\u0103ri membre NATO. \u0218i atunci s-a rupt condi\u021bia de a fi NATO\u201d, a declarat ministrul Ap\u0103r\u0103ri la un post de televiziune.\u00a0<\/p>\n<p>\u00centrebat cum ar r\u0103spunde Rom\u00e2nia dac\u0103 ar primi o cerere din partea alia\u021bilor europeni de a trimite trupe \u00een Groenlanda, <a href=\"https:\/\/www.realitatea.net\/stiri\/politica\/ministrul-rezist-de-la-aparare-vizat-de-o-motiune-simpla-miruta-acuzat-ca-face-declaratii-iresponsabile_69660466e1e37f5c54400042\" target=\"_blank\">Radu Miru\u021b\u0103 <\/a>a r\u0103spuns: \u201dP\u0103i sunt dou\u0103 ipoteze. Una \u00een care asta s-ar \u00eent\u00e2mpla prin invocarea Articolului 5, adic\u0103 o \u021bar\u0103 membr\u0103 NATO este atacat\u0103 \u0219i celelalte \u021b\u0103ri membre trebuie s\u0103 contribuie, \u0219i decizia ar fi una a NATO.<\/p>\n<p>\u0218i exist\u0103 o alt\u0103 situa\u021bie \u00een care ar fi o chestie de un fel de &#8222;Coali\u021bie de Voin\u021b\u0103&#8221;, trimitem trupe acolo f\u0103r\u0103 s\u0103 existe invocarea Articolului 5. \u00cen astfel de situa\u021bii, decizia este una pe care o ia CSAT-ul (Consiliul Suprem de Ap\u0103rare a \u021a\u0103rii), dup\u0103 care o supune la vot Parlamentului Rom\u00e2niei, dac\u0103 s\u0103 se trimit\u0103 sau s\u0103 nu se trimit\u0103 trupe.<\/p>\n<p>Pentru o situa\u021bie \u00een acela\u0219i registru, n-a\u0219 spune c\u0103 este identic\u0103 cu trimiterea trupelor rom\u00e2ne\u0219ti \u00een Ucraina, decizia Rom\u00e2niei \u0219i a CSAT-ului este clar\u0103: &#8222;no boots on the ground&#8221; (f\u0103r\u0103 trupe la sol)\u201d.<\/p>","protected":false},"excerpt":{"rendered":"<p>\u201dDiscu\u021bia a \u00eenceput de c\u00e2nd cu declara\u021biile privind Groenlanda, pentru c\u0103 un stat membru NATO&hellip;<\/p>\n","protected":false},"author":0,"featured_media":57854,"comment_status":"open","ping_status":"open","sticky":false,"template":"","format":"standard","meta":{"footnotes":""},"categories":[2],"tags":[],"class_list":["post-57861","post","type-post","status-publish","format-standard","has-post-thumbnail","hentry","category-actual"],"_links":{"self":[{"href":"https:\/\/247stiri.ro\/index.php\/wp-json\/wp\/v2\/posts\/57861","targetHints":{"allow":["GET"]}}],"collection":[{"href":"https:\/\/247stiri.ro\/index.php\/wp-json\/wp\/v2\/posts"}],"about":[{"href":"https:\/\/247stiri.ro\/index.php\/wp-json\/wp\/v2\/types\/post"}],"replies":[{"embeddable":true,"href":"https:\/\/247stiri.ro\/index.php\/wp-json\/wp\/v2\/comments?post=57861"}],"version-history":[{"count":0,"href":"https:\/\/247stiri.ro\/index.php\/wp-json\/wp\/v2\/posts\/57861\/revisions"}],"wp:featuredmedia":[{"embeddable":true,"href":"https:\/\/247stiri.ro\/index.php\/wp-json\/wp\/v2\/media\/57854"}],"wp:attachment":[{"href":"https:\/\/247stiri.ro\/index.php\/wp-json\/wp\/v2\/media?parent=57861"}],"wp:term":[{"taxonomy":"category","embeddable":true,"href":"https:\/\/247stiri.ro\/index.php\/wp-json\/wp\/v2\/categories?post=57861"},{"taxonomy":"post_tag","embeddable":true,"href":"https:\/\/247stiri.ro\/index.php\/wp-json\/wp\/v2\/tags?post=57861"}],"curies":[{"name":"wp","href":"https:\/\/api.w.org\/{rel}","templated":true}]}}