{"id":57891,"date":"2026-01-13T14:45:11","date_gmt":"2026-01-13T14:45:11","guid":{"rendered":"https:\/\/247stiri.ro\/index.php\/2026\/01\/13\/deputatul-aur-fabian-radu-atac-la-ministrul-apararii-declaratiile-lui-radu-miruta-sunt-grave-periculoase-si-profund-iresponsabile\/"},"modified":"2026-01-13T14:45:11","modified_gmt":"2026-01-13T14:45:11","slug":"deputatul-aur-fabian-radu-atac-la-ministrul-apararii-declaratiile-lui-radu-miruta-sunt-grave-periculoase-si-profund-iresponsabile","status":"publish","type":"post","link":"https:\/\/247stiri.ro\/index.php\/2026\/01\/13\/deputatul-aur-fabian-radu-atac-la-ministrul-apararii-declaratiile-lui-radu-miruta-sunt-grave-periculoase-si-profund-iresponsabile\/","title":{"rendered":"Deputatul AUR Fabian Radu, atac la ministrul Ap\u0103r\u0103rii: \u201eDeclara\u021biile lui Radu Miru\u021b\u0103 sunt grave, periculoase \u0219i profund iresponsabile\u201d"},"content":{"rendered":"<p>Parlamentarul catalogheaz\u0103 afirma\u021biile ministrului drept \u201egrave, periculoase \u0219i profund iresponsabile\u201d, sus\u021bin\u00e2nd c\u0103 acestea pot afecta pozi\u021bia strategic\u0103 a \u021b\u0103rii.<\/p>\n<p>\u201eDeclara\u021biile ministrului Ap\u0103r\u0103rii, Radu Miru\u021b\u0103, nu sunt doar neinspirate. Sunt grave, periculoase \u0219i profund iresponsabile. \u00cen momentul \u00een care un ministru al Ap\u0103r\u0103rii ajunge s\u0103 invoce public scenarii \u00een care Rom\u00e2nia ar putea fi pus\u0103 \u00een situa\u021bia de a trimite trupe \u00eentr-un conflict cu Statele Unite, nu mai vorbim despre o simpl\u0103 opinie politic\u0103, ci despre un risc direct la adresa securit\u0103\u021bii na\u021bionale.<\/p>\n<p>Rom\u00e2nia nu este juc\u0103ria nim\u0103nui \u0219i nici terenul de experimente al unui ministru care confund\u0103 func\u021bia public\u0103 cu propria agend\u0103 ideologic\u0103. Ministerul Ap\u0103r\u0103rii Na\u021bionale nu este un podium pentru declara\u021bii \u201e\u0219ocante\u201d sau exerci\u021bii de imagina\u021bie. Este una dintre cele mai sensibile institu\u021bii ale statului rom\u00e2n, iar cine o conduce trebuie s\u0103 \u00een\u021beleag\u0103 c\u0103 fiecare cuv\u00e2nt rostit public poate avea consecin\u021be strategice\u201d, spune deputatul AUR.<\/p>\n<p>Acesta consider\u0103 c\u0103 ministrul \u201econfund\u0103 func\u021bia public\u0103 cu propria agend\u0103 ideologic\u0103\u201d \u0219i c\u0103, prin astfel de lu\u0103ri de pozi\u021bie, \u201esl\u0103be\u0219te pozi\u021bia Rom\u00e2niei \u0219i submineaz\u0103 credibilitatea statului\u201d. Deputatul AUR afirm\u0103 c\u0103, \u00eentr-un stat responsabil, \u201eo asemenea ie\u0219ire ar fi urmat\u0103 de asumare \u0219i retragere din func\u021bie\u201d, dar acuz\u0103 c\u0103 \u201e\u00een logica USR, responsabilitatea este op\u021bional\u0103\u201d.<\/p>\n<p>Forma\u021biunea condus\u0103 de liderul suveranist George Simion solicit\u0103 ca subiectele care \u021bin de securitatea na\u021bional\u0103 \u201es\u0103 fie tratate cu maxim\u0103 seriozitate\u201d \u0219i avertizeaz\u0103 c\u0103 \u201eRom\u00e2nia are nevoie de stabilitate, luciditate \u0219i respect fa\u021b\u0103 de alia\u021bi, nu de declara\u021bii periculoase care sl\u0103besc statul din interior\u201d, a subliniat Fabian Radu.<\/p>\n<p><a href=\"https:\/\/www.realitatea.net\/stiri\/politica\/ministrul-rezist-de-la-aparare-vizat-de-o-motiune-simpla-miruta-acuzat-ca-face-declaratii-iresponsabile_69660466e1e37f5c54400042\" target=\"_blank\">Ministrul rezist de la Ap\u0103rare, vizat de o mo\u021biune simpl\u0103. Radu Miru\u021b\u0103, acuzat c\u0103 face declara\u021bii iresponsabile<\/a><\/p>\n<p>Declara\u021biile lui Radu Miru\u021b\u0103 au venit luni, unde ministrul a fost \u00eentrebat cum ar reac\u021biona Rom\u00e2nia dac\u0103 state europene aliate ar decide trimiterea de trupe \u00een Groenlanda, dup\u0103 o ipotetic\u0103 ini\u021biativ\u0103 similar\u0103 a pre\u0219edintelui american Donald Trump.<\/p>\n<p>Miru\u021b\u0103 a spus c\u0103 nu crede c\u0103 se va ajunge \u201ep\u00e2n\u0103 acolo\u201d, dar a explicat c\u0103, \u00eentr-o asemenea situa\u021bie, decizia ar depinde de Consiliul Suprem de Ap\u0103rare a \u021a\u0103rii \u0219i de votul Parlamentului.<\/p>\n<p>\u201eSeparate, \u021b\u0103rile sunt mai pu\u021bin puternice (&#8230;). Pentru o situa\u021bie similar\u0103, decizia Rom\u00e2niei \u0219i a CSAT este clar\u0103: nu trimi\u021bi cizma soldatului rom\u00e2n \u00een Ucraina\u201d, a precizat Miru\u021b\u0103.<\/p>","protected":false},"excerpt":{"rendered":"<p>Parlamentarul catalogheaz\u0103 afirma\u021biile ministrului drept \u201egrave, periculoase \u0219i profund iresponsabile\u201d, sus\u021bin\u00e2nd c\u0103 acestea pot afecta&hellip;<\/p>\n","protected":false},"author":0,"featured_media":57881,"comment_status":"open","ping_status":"open","sticky":false,"template":"","format":"standard","meta":{"footnotes":""},"categories":[2],"tags":[],"class_list":["post-57891","post","type-post","status-publish","format-standard","has-post-thumbnail","hentry","category-actual"],"_links":{"self":[{"href":"https:\/\/247stiri.ro\/index.php\/wp-json\/wp\/v2\/posts\/57891","targetHints":{"allow":["GET"]}}],"collection":[{"href":"https:\/\/247stiri.ro\/index.php\/wp-json\/wp\/v2\/posts"}],"about":[{"href":"https:\/\/247stiri.ro\/index.php\/wp-json\/wp\/v2\/types\/post"}],"replies":[{"embeddable":true,"href":"https:\/\/247stiri.ro\/index.php\/wp-json\/wp\/v2\/comments?post=57891"}],"version-history":[{"count":0,"href":"https:\/\/247stiri.ro\/index.php\/wp-json\/wp\/v2\/posts\/57891\/revisions"}],"wp:featuredmedia":[{"embeddable":true,"href":"https:\/\/247stiri.ro\/index.php\/wp-json\/wp\/v2\/media\/57881"}],"wp:attachment":[{"href":"https:\/\/247stiri.ro\/index.php\/wp-json\/wp\/v2\/media?parent=57891"}],"wp:term":[{"taxonomy":"category","embeddable":true,"href":"https:\/\/247stiri.ro\/index.php\/wp-json\/wp\/v2\/categories?post=57891"},{"taxonomy":"post_tag","embeddable":true,"href":"https:\/\/247stiri.ro\/index.php\/wp-json\/wp\/v2\/tags?post=57891"}],"curies":[{"name":"wp","href":"https:\/\/api.w.org\/{rel}","templated":true}]}}