{"id":57939,"date":"2026-01-13T17:44:57","date_gmt":"2026-01-13T17:44:57","guid":{"rendered":"https:\/\/247stiri.ro\/index.php\/2026\/01\/13\/julio-iglesias-acuzat-de-agresiune-sexuala-si-abuzuri-in-locuintele-sale-din-caraibe-si-europa\/"},"modified":"2026-01-13T17:44:57","modified_gmt":"2026-01-13T17:44:57","slug":"julio-iglesias-acuzat-de-agresiune-sexuala-si-abuzuri-in-locuintele-sale-din-caraibe-si-europa","status":"publish","type":"post","link":"https:\/\/247stiri.ro\/index.php\/2026\/01\/13\/julio-iglesias-acuzat-de-agresiune-sexuala-si-abuzuri-in-locuintele-sale-din-caraibe-si-europa\/","title":{"rendered":"Julio Iglesias, acuzat de agresiune sexual\u0103 \u0219i abuzuri \u00een locuin\u021bele sale din Caraibe \u0219i Europa"},"content":{"rendered":"<p>\u201eCase ale fricii\u201d: m\u0103rturii despre izolare \u0219i control strict<\/p>\n<p>Cele dou\u0103 femei \u2013 una fost\u0103 lucr\u0103toare \u00een gospod\u0103ria artistului, cealalt\u0103 fizioterapeut personal \u2013 afirm\u0103 c\u0103 \u00een 2021 ar fi fost supuse unor comportamente abuzive repetate. Ele au descrie re\u0219edintele de lux ale celebrului solist drept locuri \u00een care personalul tr\u0103ia sub presiune constant\u0103, supraveghere \u0219i reguli rigide.<\/p>\n<p>Potrivit investiga\u021biei, angaja\u021bii ar fi fost izola\u021bi de exterior, monitoriza\u021bi permanent \u0219i supu\u0219i unui regim disciplinar dur, \u00een special femeile.<\/p>\n<p>Prima m\u0103rturie: \u201eNu aveam libertate\u201d<\/p>\n<p>Prima denun\u021b\u0103toare, identificat\u0103 sub numele fictiv Rebecca, spune c\u0103 avea 22 de ani c\u00e2nd ar fi fost obligat\u0103 s\u0103 \u00eentre\u021bin\u0103 rela\u021bii sexuale neconsim\u021bite cu artistul, pe atunci \u00een v\u00e2rst\u0103 de 77 de ani. Ea poveste\u0219te c\u0103 situa\u021bia se repeta frecvent \u0219i c\u0103 ajunsese s\u0103 se simt\u0103 \u201eca o ma\u0219in\u0103rie\u201d, incapabil\u0103 s\u0103 se opun\u0103.<\/p>\n<p>Dup\u0103 ce a p\u0103r\u0103sit locul de munc\u0103, t\u00e2n\u0103ra ar fi avut nevoie de sprijin psihologic pentru a dep\u0103\u0219i anxietatea \u0219i depresia instalate ulterior.<\/p>\n<p>A doua m\u0103rturie: atingeri for\u021bate \u0219i abuzuri \u00een spa\u021bii private<\/p>\n<p>Cea de-a doua femeie, Laura, fost fizioterapeut personal, sus\u021bine c\u0103, de\u0219i f\u0103cea parte dintr-un grup restr\u00e2ns de angajate considerate privilegiate, ar fi fost victima unor atingeri nedorite, s\u0103ruturi for\u021bate \u0219i acte sexuale neconsim\u021bite. Unele incidente s-ar fi petrecut chiar pe plaj\u0103 sau \u00een piscina vilei.<\/p>\n<p>Ea descrie \u0219i zile de lucru de p\u00e2n\u0103 la 16 ore, \u00eentr-o atmosfer\u0103 tensionat\u0103, \u00een care limitele personale nu erau respectate.<\/p>\n<p>Investiga\u021bia: documente \u0219i m\u0103rturii care contureaz\u0103 un tipar de abuz<\/p>\n<p>Jurnali\u0219tii au intervievat \u00een total 15 fo\u0219ti angaja\u021bi, iar declara\u021biile lor ar indica un comportament repetitiv, bazat pe intimidare \u0219i umilire. Afirma\u021biile celor dou\u0103 femei ar fi sus\u021binute de mesaje, fotografii, documente de c\u0103l\u0103torie \u0219i rapoarte medicale.<\/p>\n<p>Ambele beneficiaz\u0103 \u00een prezent de sprijin juridic din partea unei organiza\u021bii interna\u021bionale pentru drepturile omului.<\/p>\n<p>F\u0103r\u0103 reac\u021bie din partea artistului<\/p>\n<p>Julio Iglesias \u0219i avocatul s\u0103u nu au oferit niciun punct de vedere p\u00e2n\u0103 acum, \u00een ciuda solicit\u0103rilor repetate. O reprezentant\u0103 a personalului a respins \u00eens\u0103 acuza\u021biile, numindu-le \u201einven\u021bii\u201d.<\/p>","protected":false},"excerpt":{"rendered":"<p>\u201eCase ale fricii\u201d: m\u0103rturii despre izolare \u0219i control strict Cele dou\u0103 femei \u2013 una fost\u0103&hellip;<\/p>\n","protected":false},"author":0,"featured_media":57940,"comment_status":"open","ping_status":"open","sticky":false,"template":"","format":"standard","meta":{"footnotes":""},"categories":[8],"tags":[],"class_list":["post-57939","post","type-post","status-publish","format-standard","has-post-thumbnail","hentry","category-lifestyle"],"_links":{"self":[{"href":"https:\/\/247stiri.ro\/index.php\/wp-json\/wp\/v2\/posts\/57939","targetHints":{"allow":["GET"]}}],"collection":[{"href":"https:\/\/247stiri.ro\/index.php\/wp-json\/wp\/v2\/posts"}],"about":[{"href":"https:\/\/247stiri.ro\/index.php\/wp-json\/wp\/v2\/types\/post"}],"replies":[{"embeddable":true,"href":"https:\/\/247stiri.ro\/index.php\/wp-json\/wp\/v2\/comments?post=57939"}],"version-history":[{"count":0,"href":"https:\/\/247stiri.ro\/index.php\/wp-json\/wp\/v2\/posts\/57939\/revisions"}],"wp:featuredmedia":[{"embeddable":true,"href":"https:\/\/247stiri.ro\/index.php\/wp-json\/wp\/v2\/media\/57940"}],"wp:attachment":[{"href":"https:\/\/247stiri.ro\/index.php\/wp-json\/wp\/v2\/media?parent=57939"}],"wp:term":[{"taxonomy":"category","embeddable":true,"href":"https:\/\/247stiri.ro\/index.php\/wp-json\/wp\/v2\/categories?post=57939"},{"taxonomy":"post_tag","embeddable":true,"href":"https:\/\/247stiri.ro\/index.php\/wp-json\/wp\/v2\/tags?post=57939"}],"curies":[{"name":"wp","href":"https:\/\/api.w.org\/{rel}","templated":true}]}}