{"id":57947,"date":"2026-01-13T17:45:03","date_gmt":"2026-01-13T17:45:03","guid":{"rendered":"https:\/\/247stiri.ro\/index.php\/2026\/01\/13\/ministrul-sanatatii-il-contrazice-pe-radu-miruta-nu-exista-niciun-document-strategic-de-taiere-cu-10-a-salariilor\/"},"modified":"2026-01-13T17:45:03","modified_gmt":"2026-01-13T17:45:03","slug":"ministrul-sanatatii-il-contrazice-pe-radu-miruta-nu-exista-niciun-document-strategic-de-taiere-cu-10-a-salariilor","status":"publish","type":"post","link":"https:\/\/247stiri.ro\/index.php\/2026\/01\/13\/ministrul-sanatatii-il-contrazice-pe-radu-miruta-nu-exista-niciun-document-strategic-de-taiere-cu-10-a-salariilor\/","title":{"rendered":"Ministrul S\u0103n\u0103t\u0103\u021bii \u00eel contrazice pe Radu Miru\u0163\u0103: \u201eNu exist\u0103 niciun document strategic de t\u0103iere cu 10% a salariilor\u201d"},"content":{"rendered":"<p>El a subliniat c\u0103 eventualele economii din s\u0103n\u0103tate se vor face \u00een alte zone, nu la veniturile personalului medical, care oricum nu este pl\u0103tit la nivelul anului 2026 \u00een privin\u0163a g\u0103rzilor.<\/p>\n<p>Rogobete: \u201eNu \u0219tiu s\u0103 existe vreun document strategic de t\u0103iere cu 10% a salariilor\u201d<\/p>\n<p>\u201eEu nu \u015ftiu la Ministerul S\u0103n\u0103t\u0103\u0163ii, minister pe care \u00eel conduc, s\u0103 existe vreun document strategic de t\u0103iere cu 10% a salariilor. Da, exist\u0103 multe m\u0103suri, o parte f\u0103cute deja, sunt implementate, o parte urmeaz\u0103, care au un singur rol \u015fi anume de a rea\u015feza serviciile de s\u0103n\u0103tate, de a face economii \u00een interiorul sistemului. Dar, de aici \u015fi p\u00e2n\u0103 la a veni s\u0103 vorbe\u015fti despre un domeniu pe care nu-l coordonezi, mi se pare pu\u0163in lipsit de echilibru\u201d, a precizat Rogobete\u201d, a declarat Rogobete, la un post tv.<\/p>\n<p>El a r\u0103spuns astfel afirma\u0163iilor vicepremierului USR \u0219i ministrului Ap\u0103r\u0103rii, Radu Miru\u0163\u0103, care sus\u0163inuse c\u0103 mini\u015ftrii trebuie s\u0103 vin\u0103 p\u00e2n\u0103 s\u0103pt\u0103m\u00e2na viitoare cu propuneri pentru reducerea fondului de salarii, inclusiv \u00een domeniul s\u0103n\u0103t\u0103\u0163ii.<\/p>\n<p>Rogobete a precizat c\u0103 Miru\u0163\u0103, actual ministru al Ap\u0103r\u0103rii, \u201epoate s\u0103-\u015fi dea cu p\u0103rerea despre mai multe subiecte\u201d, dar a f\u0103cut apel la \u201eechilibru \u015fi la un discurs \u00een cuno\u015ftin\u0163\u0103 de cauz\u0103\u201d.<\/p>\n<p>\u201eDin cuno\u015ftin\u0163ele mele, dar poate gre\u015fesc sau poate s-a schimbat \u00eentre timp ceva, domnul Miru\u0163\u0103, colegul meu, este ministrul Ap\u0103r\u0103rii. Sigur, ca om politic, po\u0163i s\u0103-\u0163i dai cu p\u0103rerea despre mai multe subiecte, dar eu fac apel la echilibru \u015fi la un discurs \u00een cuno\u015ftin\u0163\u0103 de cauz\u0103\u201d, a declarat ministrul S\u0103n\u0103t\u0103\u0163ii.<\/p>\n<p>\u201eReducerea cheltuielilor se va face echilibrat\u201d<\/p>\n<p>Ministrul S\u0103n\u0103t\u0103\u0163ii a explicat c\u0103 discu\u0163ia privind eficientizarea cheltuielilor din sistem este una mai veche, \u00eenceput\u0103 \u00eenc\u0103 din toamna anului trecut, \u015fi c\u0103, \u00een prezent, toate ministerele lucreaz\u0103 la proiectul de buget pentru anul viitor.<\/p>\n<p>\u201eReducerea bugetului, reducerea cheltuielilor dac\u0103 pot spune a\u015fa, \u00een s\u0103n\u0103tate se va face \u00eentr-un mod echilibrat, nu pe fug\u0103, nu pe genunchi, nu peste noapte \u015fi bugetul se va re-echilibra prin includerea criteriilor de performan\u0163\u0103. Este o diferen\u0163\u0103 de la cer la p\u0103m\u00e2nt. S\u0103 ne \u00een\u0163elegem pu\u0163in. Noi avem spitale \u00een Rom\u00e2nia unde nu pot acoperi liniile de gard\u0103. G\u0103rzile sunt pl\u0103tite la nivelul anului 2017 \u015fi pot continua cu inechit\u0103\u0163ile care se \u00eent\u00e2mpl\u0103 \u015fi vedem de c\u00e2teva s\u0103pt\u0103m\u00e2ni s\u0103n\u0103tatea este din nou \u00een agenda zilei cu o serie de disfunc\u0163ionalit\u0103\u0163i care \u0163in \u00een special de inechit\u0103\u0163ile resursei umane\u201d, a spus el.<\/p>\n<p>Rogobete a amintit c\u0103 o problem\u0103 major\u0103 r\u0103m\u00e2ne plata g\u0103rzilor medicale, care se face \u00eenc\u0103 la nivelul anului 2017, \u015fi c\u0103 inechit\u0103\u0163ile din sistemul sanitar trebuie corectate.<\/p>\n<p>Reorganizarea spitalelor, f\u0103r\u0103 leg\u0103tur\u0103 cu fondul de salarii<\/p>\n<p>Ministrul a precizat c\u0103 procesul de reclasificare a spitalelor, \u00eenceput anul trecut, este un proiect distinct, f\u0103r\u0103 leg\u0103tur\u0103 cu o eventual\u0103 reducere a fondului de salarii.<\/p>\n<p>\u201eEste vorba despre o reorganizare a unit\u0103\u0163ilor sanitare care func\u0163ioneaz\u0103 dup\u0103 un model vechi de peste 30 de ani\u201d, a spus Rogobete.<\/p>\n<p>Potrivit acestuia, actualele opt categorii de spitale vor fi reduse la patru, urm\u00e2nd s\u0103 fie introdus\u0103 \u015fi o nou\u0103 categorie \u2013 cea a \u201espitalelor strategice\u201d.<\/p>\n<p>\u201eFiecare categorie va avea un tarif diferit pe punct de serviciu medical, \u00een func\u0163ie de rangul spitalului\u201d, a detaliat ministrul.<\/p>","protected":false},"excerpt":{"rendered":"<p>El a subliniat c\u0103 eventualele economii din s\u0103n\u0103tate se vor face \u00een alte zone, nu&hellip;<\/p>\n","protected":false},"author":0,"featured_media":57944,"comment_status":"open","ping_status":"open","sticky":false,"template":"","format":"standard","meta":{"footnotes":""},"categories":[2],"tags":[],"class_list":["post-57947","post","type-post","status-publish","format-standard","has-post-thumbnail","hentry","category-actual"],"_links":{"self":[{"href":"https:\/\/247stiri.ro\/index.php\/wp-json\/wp\/v2\/posts\/57947","targetHints":{"allow":["GET"]}}],"collection":[{"href":"https:\/\/247stiri.ro\/index.php\/wp-json\/wp\/v2\/posts"}],"about":[{"href":"https:\/\/247stiri.ro\/index.php\/wp-json\/wp\/v2\/types\/post"}],"replies":[{"embeddable":true,"href":"https:\/\/247stiri.ro\/index.php\/wp-json\/wp\/v2\/comments?post=57947"}],"version-history":[{"count":0,"href":"https:\/\/247stiri.ro\/index.php\/wp-json\/wp\/v2\/posts\/57947\/revisions"}],"wp:featuredmedia":[{"embeddable":true,"href":"https:\/\/247stiri.ro\/index.php\/wp-json\/wp\/v2\/media\/57944"}],"wp:attachment":[{"href":"https:\/\/247stiri.ro\/index.php\/wp-json\/wp\/v2\/media?parent=57947"}],"wp:term":[{"taxonomy":"category","embeddable":true,"href":"https:\/\/247stiri.ro\/index.php\/wp-json\/wp\/v2\/categories?post=57947"},{"taxonomy":"post_tag","embeddable":true,"href":"https:\/\/247stiri.ro\/index.php\/wp-json\/wp\/v2\/tags?post=57947"}],"curies":[{"name":"wp","href":"https:\/\/api.w.org\/{rel}","templated":true}]}}