{"id":57974,"date":"2026-01-13T19:44:55","date_gmt":"2026-01-13T19:44:55","guid":{"rendered":"https:\/\/247stiri.ro\/index.php\/2026\/01\/13\/copil-de-4-ani-descoperit-singur-pe-strada-in-iasi-pe-un-ger-crunt-dupa-ce-fusese-lasat-la-gradinita\/"},"modified":"2026-01-13T19:44:55","modified_gmt":"2026-01-13T19:44:55","slug":"copil-de-4-ani-descoperit-singur-pe-strada-in-iasi-pe-un-ger-crunt-dupa-ce-fusese-lasat-la-gradinita","status":"publish","type":"post","link":"https:\/\/247stiri.ro\/index.php\/2026\/01\/13\/copil-de-4-ani-descoperit-singur-pe-strada-in-iasi-pe-un-ger-crunt-dupa-ce-fusese-lasat-la-gradinita\/","title":{"rendered":"Copil de 4 ani, descoperit singur pe strad\u0103 \u00een Ia\u0219i pe un ger crunt, dup\u0103 ce fusese l\u0103sat la gr\u0103dini\u021b\u0103"},"content":{"rendered":"<p>Copilul a disp\u0103rut din timpul programului de gr\u0103dini\u021b\u0103<\/p>\n<p>Femeia \u00ee\u0219i \u00eencepuse ziua ca \u00een oricare alta: diminea\u021ba \u0219i-a dus b\u0103iatul cel mic, \u00een v\u00e2rst\u0103 de 4 ani, la gr\u0103dini\u021b\u0103, iar pe fiica cea mare a l\u0103sat-o la \u0219coal\u0103. Convins\u0103 c\u0103 ambii copii sunt \u00een siguran\u021b\u0103, s-a \u00eentors acas\u0103. La mai pu\u021bin de patru ore, lini\u0219tea i-a fost spulberat\u0103 de o vizit\u0103 nea\u0219teptat\u0103.<\/p>\n<p>Poli\u021bia a ajuns la u\u0219\u0103 cu b\u0103ie\u021belul de m\u00e2n\u0103<\/p>\n<p>\u00cen jurul orei 11.20, la locuin\u021ba mamei au b\u0103tut insistent poli\u021bi\u0219tii, care o aveau al\u0103turi pe fiul ei. Echipajul i-a explicat c\u0103 minorul fusese g\u0103sit singur \u00een zona Pie\u021bei Chiril\u0103, o zon\u0103 aflat\u0103 la o distan\u021b\u0103 mai mare de un kilometru fa\u021b\u0103 de gr\u0103dini\u021b\u0103. Copilul era \u00eembr\u0103cat sumar, purta papuci de interior, avea capul descoperit \u0219i era vizibil afectat de frig, \u00eencerc\u00e2nd s\u0103 traverseze strada.<\/p>\n<p>M\u0103rturia mamei, publicat\u0103 pe re\u021belele sociale<\/p>\n<p>\u00centreaga \u00eent\u00e2mplare a fost relatat\u0103 ulterior de mam\u0103 \u00eentr-o postare online, \u00een care a descris \u0219ocul tr\u0103it \u00een momentul \u00een care \u0219i-a v\u0103zut copilul adus acas\u0103 de poli\u021bi\u0219ti.<\/p>\n<p>\u201eBuna seara, ast\u0103zi \u00een jurul orei 8 mi-am l\u0103sat copilul cel mic de 4 ani la gr\u0103dini\u021b\u0103, iar fata la \u0219coala, ca \u00een fiecare zi de altfel. Am mers acas\u0103 lini\u0219tit\u0103 \u0219tiind c\u0103, copiii mei sunt pe m\u00e2ini bune. \u00cen jurul orei 11.20 am auzit b\u0103t\u0103i insistente \u00een u\u0219\u0103, c\u00e2nd am deschis un echip\u0103 de poli\u021bie cu copilul meu de 4 ani de m\u00e2n\u0103!<\/p>\n<p>Copilul a fost g\u0103sit \u00een zona Pia\u021ba Chiril\u0103, de c\u0103tre un echipaj de poli\u021bie,iar pe aceast\u0103 cale vreau sa le mul\u021bumesc din toat\u0103 inima mea. Copilul era singur, \u00een bluz\u0103, pantaloni, papuci de interior \u0219i cu capul gol, r\u0103t\u0103cit, zgribulit de frig, incerca sa traverseze strada. Am r\u0103mas \u0219ocat\u0103!! Nu primisem nici un apel de la gr\u0103dini\u021b\u0103 s\u0103 m\u0103 \u00een\u0219tiin\u021beze ca,copilul meu a disp\u0103rut.Am sunat eu gr\u0103dinita, \u0219i abia atunci au realizat!!! \u00cen fiecare zi noi p\u0103rin\u021bii ne l\u0103s\u0103m copiii \u00een grija altora gandindu-ne ca totul va fi bine, dar, se pot \u00eent\u00e2mpla fel \u0219i fel de lucruri. Fiecare gr\u0103dini\u021b\u0103 are o responsabilitate, \u0219i se pare ca nu toate sunt competente\u201d, a povestit mama copilului, prin intermediul re\u0163elelor de socializare.\u00a0<a title=\"LISTA completa a scolilor din Romania care raman inchise joi din cauza viscolului si a zapezii\" href=\"https:\/\/www.realitatea.net\/stiri\/actual\/lista-completa-a-scolilor-din-romania-care-raman-inchise-joi-din-cauza-viscolului-si-a-zapezii_695e8cd24f74377db216af25\">LISTA complet\u0103 a \u0219colilor din Rom\u00e2nia care r\u0103m\u00e2n \u00eenchise joi din cauza viscolului \u0219i a z\u0103pezii<\/a>Pl\u00e2ngere depus\u0103 la Poli\u021bie \u0219i primele concluzii ale verific\u0103rilor<\/p>\n<p>Ulterior incidentului, femeia a depus o pl\u00e2ngere la Inspectoratul de Poli\u021bie. Din primele verific\u0103ri efectuate de autorit\u0103\u021bi, rezult\u0103 c\u0103 minorul ar fi ie\u0219it din incinta unit\u0103\u021bii de \u00eenv\u0103\u021b\u0103m\u00e2nt pre\u0219colar \u00een timpul desf\u0103\u0219ur\u0103rii cursurilor.<\/p>\n<p>Pozi\u021bia oficial\u0103 a Inspectoratului Jude\u021bean de Poli\u021bie Ia\u0219i<\/p>\n<p>Inspectoratul Jude\u021bean de Poli\u021bie Ia\u0219i a anun\u021bat c\u0103 a fost deschis un dosar penal pentru \u201eneglijen\u0163\u0103 \u00een serviciu\u201d, dup\u0103 ce copilul de 4 ani a fost identificat singur, mar\u021bi, pe o strad\u0103 din zona Pie\u021bei Chiril\u0103, la c\u00e2teva ore dup\u0103 ce fusese l\u0103sat la gr\u0103dini\u021b\u0103.<\/p>\n<p>\u201eSec\u0163ia nr. 4 Poli\u0163ie Ia\u015fi a fost sesizat\u0103, \u00een scris, de c\u0103tre o femeie, de 33 de ani, cu privire la faptul c\u0103 fiul acesteia, de 4 ani, a fost identificat nesupravegheat \u00een zona Pie\u0163ei Chiril\u0103, din municipiul Ia\u015fi. Din verific\u0103rile preliminare a rezultat c\u0103 minorul ar fi p\u0103r\u0103sit incinta unei unit\u0103\u0163i de \u00eenv\u0103\u0163\u0103m\u00e2nt pre\u015fcolar, \u00een timpul cursurilor. Acesta a fost g\u0103sit de lucr\u0103tori ai Poli\u0163iei Locale, nu prezenta urme de violen\u0163\u0103 \u015fi se afla \u00eentr-o stare fizic\u0103 bun\u0103. Copilul a fost condus \u00een siguran\u0163\u0103 la domiciliu \u015fi \u00eencredin\u0163at familiei\u201d, a declarat, mar\u0163i seara, Adina Ciobanu, purt\u0103tor de cuv\u00e2nt \u00een cadrul IPJ Ia\u015fi.<\/p>\n<p>Reac\u021bia gr\u0103dini\u021bei \u0219i m\u0103surile anun\u021bate<\/p>\n<p>Conducerea gr\u0103dini\u021bei implicate a transmis c\u0103 a declan\u0219at o anchet\u0103 intern\u0103 pentru a clarifica modul \u00een care copilul a reu\u0219it s\u0103 p\u0103r\u0103seasc\u0103 unitatea. Reprezentan\u021bii institu\u021biei au precizat c\u0103 au fost luate m\u0103suri pentru corectarea deficien\u021belor privind siguran\u021ba spa\u021biilor \u00een care \u00ee\u0219i desf\u0103\u0219oar\u0103 activitatea pre\u0219colarii.<\/p>\n<p>Inspectoratul \u0218colar Ia\u0219i urmeaz\u0103 s\u0103 stabileasc\u0103 ce m\u0103suri se impun \u00een acest caz, \u00een timp ce poli\u021bi\u0219tii continu\u0103 cercet\u0103rile. Dosarul penal pentru neglijen\u021b\u0103 \u00een serviciu este deja deschis, iar ancheta vizeaz\u0103 stabilirea tuturor circumstan\u021belor \u00een care s-a produs incidentul.<\/p>\n<p><a title=\"Copil ranit dupa ce un dulap s-a prabusit peste ele: incident grav la o gradinita din Baia Mare\" href=\"https:\/\/www.realitatea.net\/stiri\/actual\/copil-ranit-dupa-ce-un-dulap-sa-prabusit-peste-ele-incident-grav-la-o-gradinita-din-baia-mare_6960ebaab561c5076a5f4f47\">Copil r\u0103nit dup\u0103 ce un dulap s-a pr\u0103bu\u0219it peste ele: incident grav la o gr\u0103dini\u021b\u0103 din Baia Mare<\/a><\/p>","protected":false},"excerpt":{"rendered":"<p>Copilul a disp\u0103rut din timpul programului de gr\u0103dini\u021b\u0103 Femeia \u00ee\u0219i \u00eencepuse ziua ca \u00een oricare&hellip;<\/p>\n","protected":false},"author":0,"featured_media":57975,"comment_status":"open","ping_status":"open","sticky":false,"template":"","format":"standard","meta":{"footnotes":""},"categories":[2],"tags":[],"class_list":["post-57974","post","type-post","status-publish","format-standard","has-post-thumbnail","hentry","category-actual"],"_links":{"self":[{"href":"https:\/\/247stiri.ro\/index.php\/wp-json\/wp\/v2\/posts\/57974","targetHints":{"allow":["GET"]}}],"collection":[{"href":"https:\/\/247stiri.ro\/index.php\/wp-json\/wp\/v2\/posts"}],"about":[{"href":"https:\/\/247stiri.ro\/index.php\/wp-json\/wp\/v2\/types\/post"}],"replies":[{"embeddable":true,"href":"https:\/\/247stiri.ro\/index.php\/wp-json\/wp\/v2\/comments?post=57974"}],"version-history":[{"count":0,"href":"https:\/\/247stiri.ro\/index.php\/wp-json\/wp\/v2\/posts\/57974\/revisions"}],"wp:featuredmedia":[{"embeddable":true,"href":"https:\/\/247stiri.ro\/index.php\/wp-json\/wp\/v2\/media\/57975"}],"wp:attachment":[{"href":"https:\/\/247stiri.ro\/index.php\/wp-json\/wp\/v2\/media?parent=57974"}],"wp:term":[{"taxonomy":"category","embeddable":true,"href":"https:\/\/247stiri.ro\/index.php\/wp-json\/wp\/v2\/categories?post=57974"},{"taxonomy":"post_tag","embeddable":true,"href":"https:\/\/247stiri.ro\/index.php\/wp-json\/wp\/v2\/tags?post=57974"}],"curies":[{"name":"wp","href":"https:\/\/api.w.org\/{rel}","templated":true}]}}