{"id":57988,"date":"2026-01-13T20:45:18","date_gmt":"2026-01-13T20:45:18","guid":{"rendered":"https:\/\/247stiri.ro\/index.php\/2026\/01\/13\/ilie-bolojan-intervine-in-scandalul-momentului-ce-spune-despre-acuzatiile-aduse-ministrului-justitiei-radu-marinescu\/"},"modified":"2026-01-13T20:45:18","modified_gmt":"2026-01-13T20:45:18","slug":"ilie-bolojan-intervine-in-scandalul-momentului-ce-spune-despre-acuzatiile-aduse-ministrului-justitiei-radu-marinescu","status":"publish","type":"post","link":"https:\/\/247stiri.ro\/index.php\/2026\/01\/13\/ilie-bolojan-intervine-in-scandalul-momentului-ce-spune-despre-acuzatiile-aduse-ministrului-justitiei-radu-marinescu\/","title":{"rendered":"Ilie Bolojan intervine \u00een scandalul momentului. Ce spune despre acuza\u021biile aduse ministrului Justi\u021biei, Radu Marinescu"},"content":{"rendered":"<p>\u0218eful Executivului a ar\u0103tat c\u0103, \u00een acest stadiu, nu de\u021bine informa\u021bii suficiente pentru a realiza o analiz\u0103 de fond a situa\u021biei \u0219i a punctat c\u0103 faptele reclamate nu au leg\u0103tur\u0103 cu exercitarea actualului mandat. Potrivit premierului, acuza\u021biile sunt raportate la o perioad\u0103 situat\u0103 cu 15\u201320 de ani \u00een urm\u0103.<\/p>\n<p>\u201eAm avut o discu\u021bie \u00een aceast\u0103 diminea\u021b\u0103 cu domnul ministru. Lucrurile de care d\u00e2nsul este acuzat nu s-au \u00eent\u00e2mplat \u00een mandatul de ministru. Sunt lucruri care \u00een\u021beleg sunt de 15\u201320 de ani \u00een urm\u0103 \u0219i \u00eencerc s\u0103-mi evaluez colegii dup\u0103 ceea ce fac \u00een mandatele de ministru\u201d, a declarat Ilie Bolojan, men\u021bion\u00e2nd c\u0103, de-a lungul timpului, a mai gestionat situa\u021bii \u00een care membri ai Cabinetului au fost confrunta\u021bi cu controverse legate de activitatea desf\u0103\u0219urat\u0103 \u00eenainte de ocuparea func\u021biilor guvernamentale.<\/p>\n<p>Pozi\u021bia premierului fa\u021b\u0103 de acuza\u021biile de plagiat<\/p>\n<p>\u00cen continuarea interven\u021biei sale, prim-ministrul a f\u0103cut o delimitare \u00eentre principiile generale \u0219i evaluarea unei situa\u021bii concrete. Acesta a reafirmat pozi\u021bia sa constant\u0103 \u00een privin\u021ba plagiatului, dar a subliniat c\u0103, \u00een lipsa unor date clare, nu poate formula o judecat\u0103 asupra cazului specific.<\/p>\n<p>\u201ePlagiatul, \u00een principiu, care este o form\u0103 de furt, s\u0103 ne \u00een\u021belegem foarte bine, nu este de apreciat \u0219i asta e un principiu general pe care l-am sus\u021binut \u00eentotdeauna. Dar nu am date s\u0103 judec strict aceast\u0103 situa\u021bie \u0219i sigur c\u0103 eu sper c\u0103, \u00eentr-o form\u0103 sau alta, o entitate independent\u0103 va certifica dac\u0103 acest plagiat este real sau nu\u201d, a afirmat Ilie Bolojan.<\/p>\n<p><a title=\"Bolojan a bagat vicepremierii in sedinta. Tensiuni uriase, discutii despre buget \" href=\"https:\/\/www.realitatea.net\/stiri\/actual\/bolojan-a-bagat-vicepremierii-in-sedinta-tensiuni-uriase-discutii-despre-buget_6964d61b39778245066584a2\">Bolojan a b\u0103gat vicepremierii \u00een \u0219edin\u021b\u0103. Tensiuni uria\u0219e, discu\u021bii despre buget<\/a><\/p>\n<p>Autoritatea public\u0103 \u0219i impactul acuza\u021biilor<\/p>\n<p>Ilie Bolojan a atras aten\u021bia asupra efectelor pe care acuza\u021biile de acest tip le pot avea asupra capacit\u0103\u021bii unui demnitar de a-\u0219i exercita atribu\u021biile. Din perspectiva sa, autoritatea asociat\u0103 unei func\u021bii publice joac\u0103 un rol esen\u021bial \u00een performan\u021ba celui care o ocup\u0103, iar atacurile repetate pot afecta aceast\u0103 dimensiune.<\/p>\n<p>\u201eOrice om care ocup\u0103 o func\u021bie public\u0103 este performant sau nu \u0219i \u00een func\u021bie de autoritatea pe care o are. Cu c\u00e2t cei care ocup\u0103 func\u021bii publice sunt mai mult ataca\u021bi, motiva\u021bi sau nu, riscul s\u0103 ne pierdem autoritatea \u0219i s\u0103 nu mai fim performan\u021bi este destul de mare\u201d, a spus premierul.<\/p>\n<p>Necesitatea l\u0103muririi rapide a situa\u021biilor de credibilitate<\/p>\n<p>\u00cen acela\u0219i context, \u0219eful Guvernului a explicat de ce consider\u0103 necesar\u0103 clarificarea prompt\u0103 a situa\u021biilor care \u021bin de credibilitatea celor afla\u021bi \u00een func\u021bii publice. Potrivit acestuia, lipsa unei clarific\u0103ri poate \u00eempiedica exercitarea eficient\u0103 a mandatului.<\/p>\n<p>\u201eClarificarea oric\u0103ror situa\u021bii de genul acesta este de bun augur, \u00een a\u0219a fel \u00eenc\u00e2t s\u0103 conserve credibilitatea unui responsabil, s\u0103-\u0219i poat\u0103 exercita autoritatea \u0219i s\u0103 dea rezultate. C\u0103 altfel nu mai po\u021bi s\u0103 dai rezultate\u201d, a ad\u0103ugat Ilie Bolojan, subliniind totodat\u0103 c\u0103 persoanele aflate \u00een func\u021bii publice sunt \u201e\u00een serviciul rom\u00e2nului\u201d.<\/p>\n<p><a title=\"Ilie Bolojan, sub presiune: trei procese la Curtea de Apel Bucuresti. Mandatul premierului si PNRR, sub semnul intrebarii\" href=\"https:\/\/www.realitatea.net\/stiri\/politica\/lie-bolojan-sub-presiune-trei-procese-la-curtea-de-apel-bucuresti-mandatul-premierului-si-pnrr-sub-semnul-intrebarii_696485fca983010c073b96e2\">Ilie Bolojan, sub presiune: trei procese la Curtea de Apel Bucure\u0219ti. Mandatul premierului \u0219i PNRR, sub semnul \u00eentreb\u0103rii<\/a><\/p>\n<p>Selec\u021bia procurorilor-\u0219efi \u0219i percep\u021bia public\u0103<\/p>\n<p>\u00centrebat dac\u0103 situa\u021bia creat\u0103 afecteaz\u0103 credibilitatea procesului de selec\u021bie a procurorilor-\u0219efi, demarat de Ministerul Justi\u021biei, Ilie Bolojan a plasat r\u0103spunsul \u00eentr-un cadru mai larg, care \u021bine de evaluarea politic\u0103 \u0219i de func\u021bionarea Guvernului.<\/p>\n<p>\u201eAici sunt aspecte care \u021bin de evaluarea personal\u0103, de evaluarea politic\u0103 pe care fiecare partid care sus\u021bine mini\u0219trii o face, \u00een a\u0219a fel \u00eenc\u00e2t guvernul s\u0103 func\u021bioneze pentru a asigura o stabilitate \u00een Rom\u00e2nia\u201d, a declarat premierul.<\/p>\n<p>\u00cencrederea \u00een institu\u021bii \u0219i regulile procedurale<\/p>\n<p>Ilie Bolojan a mai spus c\u0103, \u00een mod normal, procedura ini\u021biat\u0103 de ministrul Justi\u021biei ar trebui s\u0103 se desf\u0103\u0219oare corect \u0219i obiectiv, chiar \u0219i \u00een condi\u021biile unei \u00eencrederi sc\u0103zute \u00een institu\u021biile statului.<\/p>\n<p>\u201eDac\u0103 sunt sisteme care au probleme mari de credibilitate este cel politic, din care fac \u0219i eu parte, dar \u0219i cel din Justi\u021bie, din p\u0103cate, are o \u00eencredere sc\u0103zut\u0103 \u00een ochii rom\u00e2nilor. Ceea ce trebuie s\u0103 facem este s\u0103 ac\u021bion\u0103m \u00een a\u0219a fel \u00eenc\u00e2t s\u0103 rec\u00e2\u0219tig\u0103m credibilitatea\u201d, a afirmat premierul.\u00cen completare, acesta a precizat: \u201eNu o putem face dec\u00e2t dac\u0103 organiz\u0103m lucrurile c\u00e2t mai corect posibil, \u00een condi\u021biile date\u201d.<\/p>\n<p>Demisia \u0219i limitele deciziei politice<\/p>\n<p>\u00centrebat \u00een ce situa\u021bie ar trebui ministrul Justi\u021biei s\u0103 \u00ee\u0219i depun\u0103 demisia, Ilie Bolojan a evitat formularea unui scenariu precis, ar\u0103t\u00e2nd c\u0103, la acest moment, discu\u021bia se bazeaz\u0103 pe acuza\u021bii.<\/p>\n<p>\u201e\u00cen acest moment este o acuza\u021bie \u0219i, v-am spus, se intr\u0103 \u00eentr-o zon\u0103 de specula\u021bii, de lucruri care se leag\u0103 de cronologia datei la care a ap\u0103rut aceast\u0103 informa\u021bie \u0219i a\u0219a mai departe, dar asta este situa\u021bia \u00een momentul de fa\u021b\u0103\u201d, a declarat premierul.<\/p>\n<p><a title=\"Ilie Bolojan preia sefia interimara la Ministerul Educatiei. Solutie de avarie dupa o demisie uitata in sertare \" href=\"https:\/\/www.realitatea.net\/stiri\/actual\/ilie-bolojan-preia-sefia-interimara-la-ministerul-educatiei-solutia-de-avarie-dupa-demisia-uitata-in-sertare_696660f862d40345eb15212b\">Ilie Bolojan preia \u0219efia interimar\u0103 la Ministerul Educa\u021biei. Solu\u021bie de avarie dup\u0103 o demisie uitat\u0103 \u00een sertare<\/a><\/p>","protected":false},"excerpt":{"rendered":"<p>\u0218eful Executivului a ar\u0103tat c\u0103, \u00een acest stadiu, nu de\u021bine informa\u021bii suficiente pentru a realiza&hellip;<\/p>\n","protected":false},"author":0,"featured_media":57989,"comment_status":"open","ping_status":"open","sticky":false,"template":"","format":"standard","meta":{"footnotes":""},"categories":[2],"tags":[],"class_list":["post-57988","post","type-post","status-publish","format-standard","has-post-thumbnail","hentry","category-actual"],"_links":{"self":[{"href":"https:\/\/247stiri.ro\/index.php\/wp-json\/wp\/v2\/posts\/57988","targetHints":{"allow":["GET"]}}],"collection":[{"href":"https:\/\/247stiri.ro\/index.php\/wp-json\/wp\/v2\/posts"}],"about":[{"href":"https:\/\/247stiri.ro\/index.php\/wp-json\/wp\/v2\/types\/post"}],"replies":[{"embeddable":true,"href":"https:\/\/247stiri.ro\/index.php\/wp-json\/wp\/v2\/comments?post=57988"}],"version-history":[{"count":0,"href":"https:\/\/247stiri.ro\/index.php\/wp-json\/wp\/v2\/posts\/57988\/revisions"}],"wp:featuredmedia":[{"embeddable":true,"href":"https:\/\/247stiri.ro\/index.php\/wp-json\/wp\/v2\/media\/57989"}],"wp:attachment":[{"href":"https:\/\/247stiri.ro\/index.php\/wp-json\/wp\/v2\/media?parent=57988"}],"wp:term":[{"taxonomy":"category","embeddable":true,"href":"https:\/\/247stiri.ro\/index.php\/wp-json\/wp\/v2\/categories?post=57988"},{"taxonomy":"post_tag","embeddable":true,"href":"https:\/\/247stiri.ro\/index.php\/wp-json\/wp\/v2\/tags?post=57988"}],"curies":[{"name":"wp","href":"https:\/\/api.w.org\/{rel}","templated":true}]}}