{"id":57992,"date":"2026-01-13T21:44:46","date_gmt":"2026-01-13T21:44:46","guid":{"rendered":"https:\/\/247stiri.ro\/index.php\/2026\/01\/13\/bolojan-vede-un-viitor-roz-dupa-acordul-mercosur-va-functiona-ca-un-aspirator-pentru-economia-romaneasca\/"},"modified":"2026-01-13T21:44:46","modified_gmt":"2026-01-13T21:44:46","slug":"bolojan-vede-un-viitor-roz-dupa-acordul-mercosur-va-functiona-ca-un-aspirator-pentru-economia-romaneasca","status":"publish","type":"post","link":"https:\/\/247stiri.ro\/index.php\/2026\/01\/13\/bolojan-vede-un-viitor-roz-dupa-acordul-mercosur-va-functiona-ca-un-aspirator-pentru-economia-romaneasca\/","title":{"rendered":"Bolojan vede un viitor roz dup\u0103 acordul Mercosur: \u201eVa func\u021biona ca un aspirator pentru economia rom\u00e2neasc\u0103\u201d"},"content":{"rendered":"<p>Premierul a fost \u00eentrebat cum s-a luat decizia cu privire la Acordul UE-Mercosur \u0219i dac\u0103 acest subiect a fost discutat \u00een coali\u021bia de guvernare.\u201dRom\u00e2nia depinde de pie\u021bele europene. Dac\u0103 Uniunea European\u0103 merge bine, economia noastr\u0103, fiind \u00eentr-o bun\u0103 m\u0103sur\u0103 integrat\u0103 \u00een lan\u021burile valorice ale industriei europene, merge \u0219i ea bine. Func\u021bioneaz\u0103 ca o locomotiv\u0103 economia european\u0103 pentru noi. Uniunea European\u0103 a avut de luat o decizie strategic\u0103 pe care o negocia de, cred, 20 de ani, de a-\u0219i extinde pie\u021bele. Deci pia\u021ba noastr\u0103, care este de 450 de milioane de consumatori, practic a \u00eencheiat un acord \u00een care se vor elimina treptat \u00een urm\u0103torii 10-15 ani taxele vamale cu \u021b\u0103rile din America de Sud, a\u0219a numitul Mercosur, care din nou e un grup de consumatori de peste 260 de milioane de locuitori, din care Brazilia, cea mai mare \u021bar\u0103, are peste 200 de milioane. Practic, s-a f\u0103cut o zon\u0103 economic\u0103 care se va dezvolta treptat-treptat, \u00een urm\u0103torii 10-15 ani, \u00een care este o pia\u021b\u0103 mare \u0219i teoretic ar trebui s\u0103 fie ni\u0219te beneficii importante pentru ambele p\u0103r\u021bi.\u00a0<\/p>\n<p><a title=\"In ciuda mult-trambitatelor reforme ale lui Bolojan, Banca Mondiala revizuieste in scadere previziunile privind avansul economiei romanesti\" href=\"https:\/\/www.realitatea.net\/stiri\/ultimele-stiri\/in-ciuda-multtrambitatelor-reforme-ale-lui-bolojan-banca-mondiala-revizuieste-in-scadere-previziunile-privind-avansul-economiei-romanesti_6966747f9dd2d25a4e772432\">\u00cen ciuda mult-tr\u00e2mbi\u021batelor reforme ale lui Bolojan, Banca Mondial\u0103 revizuie\u0219te \u00een sc\u0103dere previziunile privind avansul economiei rom\u00e2ne\u0219ti<\/a><\/p>\n<p>Eu cred c\u0103 Uniunea European\u0103 a luat o decizie corect\u0103 \u0219i cred c\u0103 Rom\u00e2nia a f\u0103cut bine c\u0103 a sus\u021binut aceast\u0103 decizie pentru c\u0103 acesta este tabloul general\u201d, a spus Bolojan \u00een cadrul unui interviu tv\u00a0 recent.<\/p>\n<p>Premierul a men\u021bionat c\u0103 exist\u0103 \u201driscuri \u0219i oportunit\u0103\u021bi\u201d cu privire la acest acord, iar el &#8222;va func\u021biona ca un aspirator pentru economia rom\u00e2neasc\u0103&#8221; \u0219i poate s\u0103 aduc\u0103 ni\u0219te beneficii pe care companiile rom\u00e2ne\u0219ti s\u0103 le valorifice treptat.<\/p>\n<p>\u201dAv\u00e2nd \u00een vedere tabloul general, Ministerul Economiei a notificat, practic, Ministerul de Externe \u0219i Ministerul de Externe, atunci c\u00e2nd s-a pus \u00een discu\u021bie, \u00een comitetul \u00een care voteaz\u0103 ambasadorii fiec\u0103rei \u021b\u0103ri la Comisia European\u0103, a dat o instruc\u021biune ambasadoarei noastre, doamna Iulia Matei, \u00een a\u0219a fel \u00eenc\u00e2t s\u0103 voteze. Dar d\u00e2nsa participase la toate negocierile \u0219i a fost un acord \u00eentre Guvern \u0219i domnul pre\u0219edinte \u00een a\u0219a fel \u00eenc\u00e2t s\u0103 avem o pozi\u021bie convergent\u0103. Dac\u0103 s-ar fi discutat poate mai mult, dac\u0103 to\u021bi erau \u00eentr-adev\u0103r preocupa\u021bi de aceste subiecte, cred c\u0103 era mai bine. Dar aici, v\u0103 da\u021bi seama, c\u00e2nd discu\u021bi \u00eentre s\u0103rb\u0103tori, \u00eentre anul nou, era, cum s\u0103 v\u0103 spun, cu c\u00e2t s-ar fi discutat mai mult, cu at\u00e2t ar fi fost mai bine, dar indiferent cine ar fi fost ministrul Agriculturii, de la orice partid, g\u00e2ndi\u021bi-v\u0103 c\u0103 n-ar fi putut s\u0103 sus\u021bin\u0103 acest lucru. Aici nu lu\u0103m decizii strict dup\u0103 un domeniu, ci trebuie s\u0103 vedem tabloul per ansamblu \u0219i a fost o decizie luat\u0103 per ansamblu. S\u0103 nu crede\u021bi c\u0103, discut\u00e2nd de Educa\u021bie, domnul David a fost sus\u021bin\u0103torul m\u0103surilor din Educa\u021bie. Dar n-a avut ce s\u0103 fac\u0103\u201d, a men\u021bionat acesta.<\/p>\n<p><a title=\"Ilie Bolojan intervine in scandalul momentului. Ce spune despre acuzatiile aduse ministrului Justitiei, Radu Marinescu\" href=\"https:\/\/www.realitatea.net\/stiri\/actual\/bolojan-intervine-in-scandalul-momentului-ce-spune-despre-acuzatiile-aduse-ministrului-justitiei-radu-marinescu_6966a08727dda07ca8443168\">Ilie Bolojan intervine \u00een scandalul momentului. Ce spune despre acuza\u021biile aduse ministrului Justi\u021biei, Radu Marinescu<\/a><\/p>","protected":false},"excerpt":{"rendered":"<p>Premierul a fost \u00eentrebat cum s-a luat decizia cu privire la Acordul UE-Mercosur \u0219i dac\u0103&hellip;<\/p>\n","protected":false},"author":0,"featured_media":57993,"comment_status":"open","ping_status":"open","sticky":false,"template":"","format":"standard","meta":{"footnotes":""},"categories":[2],"tags":[],"class_list":["post-57992","post","type-post","status-publish","format-standard","has-post-thumbnail","hentry","category-actual"],"_links":{"self":[{"href":"https:\/\/247stiri.ro\/index.php\/wp-json\/wp\/v2\/posts\/57992","targetHints":{"allow":["GET"]}}],"collection":[{"href":"https:\/\/247stiri.ro\/index.php\/wp-json\/wp\/v2\/posts"}],"about":[{"href":"https:\/\/247stiri.ro\/index.php\/wp-json\/wp\/v2\/types\/post"}],"replies":[{"embeddable":true,"href":"https:\/\/247stiri.ro\/index.php\/wp-json\/wp\/v2\/comments?post=57992"}],"version-history":[{"count":0,"href":"https:\/\/247stiri.ro\/index.php\/wp-json\/wp\/v2\/posts\/57992\/revisions"}],"wp:featuredmedia":[{"embeddable":true,"href":"https:\/\/247stiri.ro\/index.php\/wp-json\/wp\/v2\/media\/57993"}],"wp:attachment":[{"href":"https:\/\/247stiri.ro\/index.php\/wp-json\/wp\/v2\/media?parent=57992"}],"wp:term":[{"taxonomy":"category","embeddable":true,"href":"https:\/\/247stiri.ro\/index.php\/wp-json\/wp\/v2\/categories?post=57992"},{"taxonomy":"post_tag","embeddable":true,"href":"https:\/\/247stiri.ro\/index.php\/wp-json\/wp\/v2\/tags?post=57992"}],"curies":[{"name":"wp","href":"https:\/\/api.w.org\/{rel}","templated":true}]}}