{"id":57994,"date":"2026-01-13T21:44:47","date_gmt":"2026-01-13T21:44:47","guid":{"rendered":"https:\/\/247stiri.ro\/index.php\/2026\/01\/13\/bolojan-amplifica-temerile-legate-de-majorarea-varstei-de-pensionare-pentru-militari-si-politisti-se-va-intampla-dar-trebuie-gasite-variante-diferentiate\/"},"modified":"2026-01-13T21:44:47","modified_gmt":"2026-01-13T21:44:47","slug":"bolojan-amplifica-temerile-legate-de-majorarea-varstei-de-pensionare-pentru-militari-si-politisti-se-va-intampla-dar-trebuie-gasite-variante-diferentiate","status":"publish","type":"post","link":"https:\/\/247stiri.ro\/index.php\/2026\/01\/13\/bolojan-amplifica-temerile-legate-de-majorarea-varstei-de-pensionare-pentru-militari-si-politisti-se-va-intampla-dar-trebuie-gasite-variante-diferentiate\/","title":{"rendered":"Bolojan amplific\u0103 temerile legate de majorarea v\u00e2rstei de pensionare pentru militari \u0219i poli\u021bi\u0219ti. Se va \u00eent\u00e2mpla, dar trebuie g\u0103site variante diferen\u021biate"},"content":{"rendered":"<p>Ilie Bolojan a fost \u00eentrebat dac\u0103 exist\u0103 o discu\u021bie \u00een Guvern pentru m\u0103rirea v\u00e2rstei de pensionare \u0219i pentru militari \u0219i poli\u021bi\u0219ti. Premierul a afirmat c\u0103 \u201eaceasta este o realitate care prive\u0219te \u0219i aceste categorii, iar aici controlul cheltuielilor nu-l faci prin reduceri de personal, pentru c\u0103 este un deficit de personal, ci controlul cheltuielilor se face prin cre\u0219terea v\u00e2rstei de pensionare, respect\u00e2nd ni\u0219te reguli de bun-sim\u021b.\u201d<\/p>\n<p>\u201eCei care ast\u0103zi au v\u00e2rste de pensionare \u0219i se pot pensiona li se aplic\u0103, ca \u0219i \u00een propunerea magistra\u021bilor, varianta tranzitorie, adic\u0103 pot s\u0103 \u00ee\u0219i men\u021bin\u0103 actualele drepturi, indiferent c\u00e2nd lucreaz\u0103. Noi nu ne dorim ca un val de oameni s\u0103 plece la pensie, c\u0103 nu ne ajut\u0103 deloc. Nici pe ei nu-i ajut\u0103 \u0219i nici pe noi. \u0102sta e un element de baz\u0103&#8221;, a declarat Bolojan la TVR.<\/p>\n<p>Pe de alt\u0103 parte, premierul a declarat c\u0103 majorarea v\u00e2rstei de pensionare \u00een structurile de ordine public\u0103 trebuie f\u0103cut\u0103 diferen\u021biat, \u00een func\u021bie de specificul activit\u0103\u021bii.\u00a0<\/p>\n<p>\u201eUna este s\u0103 stai \u00een paz\u0103 la o institu\u021bie, la un sediu de institu\u021bie, de diminea\u021ba p\u00e2n\u0103 seara, f\u0103r\u0103 s\u0103 ai niciun fel de probleme, f\u0103r\u0103 s\u0103 depui efort, \u0219i po\u021bi s\u0103 faci asta f\u0103r\u0103 niciun fel de probleme p\u00e2n\u0103 la 65 de ani. \u0218i alta este s\u0103 fii \u00een fa\u021ba Guvernului sau la un meci, sau \u00eentr-o situa\u021bie tensionat\u0103, unde trebuie s\u0103 ai o for\u021b\u0103 fizic\u0103, unde ai echipamentul pe tine. \u0218i atunci, \u00een cazul unui jandarm, cei care sunt, \u00eentr-adev\u0103r, \u00een aceste brig\u0103zi mobile, trebuie s\u0103 le g\u0103sim o formul\u0103 de pensionare mai repede\u201d, a explicat premierul.<\/p>\n<p>\u00centrebat c\u00e2nd s-ar putea face aceste modific\u0103ri, Ilie Bolojan a spus: \u201eCu c\u00e2t se fac mai repede, cu at\u00e2t se fac mai bine. Cred c\u0103 \u00een acest an.\u201d<\/p>","protected":false},"excerpt":{"rendered":"<p>Ilie Bolojan a fost \u00eentrebat dac\u0103 exist\u0103 o discu\u021bie \u00een Guvern pentru m\u0103rirea v\u00e2rstei de&hellip;<\/p>\n","protected":false},"author":0,"featured_media":57995,"comment_status":"open","ping_status":"open","sticky":false,"template":"","format":"standard","meta":{"footnotes":""},"categories":[2],"tags":[],"class_list":["post-57994","post","type-post","status-publish","format-standard","has-post-thumbnail","hentry","category-actual"],"_links":{"self":[{"href":"https:\/\/247stiri.ro\/index.php\/wp-json\/wp\/v2\/posts\/57994","targetHints":{"allow":["GET"]}}],"collection":[{"href":"https:\/\/247stiri.ro\/index.php\/wp-json\/wp\/v2\/posts"}],"about":[{"href":"https:\/\/247stiri.ro\/index.php\/wp-json\/wp\/v2\/types\/post"}],"replies":[{"embeddable":true,"href":"https:\/\/247stiri.ro\/index.php\/wp-json\/wp\/v2\/comments?post=57994"}],"version-history":[{"count":0,"href":"https:\/\/247stiri.ro\/index.php\/wp-json\/wp\/v2\/posts\/57994\/revisions"}],"wp:featuredmedia":[{"embeddable":true,"href":"https:\/\/247stiri.ro\/index.php\/wp-json\/wp\/v2\/media\/57995"}],"wp:attachment":[{"href":"https:\/\/247stiri.ro\/index.php\/wp-json\/wp\/v2\/media?parent=57994"}],"wp:term":[{"taxonomy":"category","embeddable":true,"href":"https:\/\/247stiri.ro\/index.php\/wp-json\/wp\/v2\/categories?post=57994"},{"taxonomy":"post_tag","embeddable":true,"href":"https:\/\/247stiri.ro\/index.php\/wp-json\/wp\/v2\/tags?post=57994"}],"curies":[{"name":"wp","href":"https:\/\/api.w.org\/{rel}","templated":true}]}}