{"id":57998,"date":"2026-01-13T21:44:49","date_gmt":"2026-01-13T21:44:49","guid":{"rendered":"https:\/\/247stiri.ro\/index.php\/2026\/01\/13\/o-chelnerita-de-24-de-ani-acuzata-ca-ar-fi-provocat-incendiul-din-crans-montana-aceasta-se-numara-printre-victime\/"},"modified":"2026-01-13T21:44:49","modified_gmt":"2026-01-13T21:44:49","slug":"o-chelnerita-de-24-de-ani-acuzata-ca-ar-fi-provocat-incendiul-din-crans-montana-aceasta-se-numara-printre-victime","status":"publish","type":"post","link":"https:\/\/247stiri.ro\/index.php\/2026\/01\/13\/o-chelnerita-de-24-de-ani-acuzata-ca-ar-fi-provocat-incendiul-din-crans-montana-aceasta-se-numara-printre-victime\/","title":{"rendered":"O chelneri\u021b\u0103 de 24 de ani, acuzat\u0103 c\u0103 ar fi provocat incendiul din Crans-Montana. Aceasta se num\u0103r\u0103 printre victime"},"content":{"rendered":"<p>Potrivit publica\u021biei elve\u021biene <a href=\"https:\/\/www.20min.ch\/story\/crans-montana-cyane-24-starb-im-inferno-sie-war-die-kellnerin-mit-dem-helm-103484904\" target=\"_blank\">20 Minuten<\/a>, Cyane Panine, o t\u00e2n\u0103r\u0103 de origine francez\u0103, lucra ca osp\u0103t\u0103ri\u021b\u0103 \u00een restaurantul de\u021binut de familia Moretti.<\/p>\n<p>\u00cen seara tragediei, ea purta o casc\u0103, era a\u0219ezat\u0103 pe umerii unui coleg \u0219i servea dou\u0103 sticle de \u0219ampanie cu artificii aprinse. Fl\u0103c\u0103rile au izbucnit \u00een momentul \u00een care s-a apropiat prea mult de plafonul antifonic, extrem de inflamabil, iar incendiul s-a extins \u00een doar c\u00e2teva secunde.<\/p>\n<p>Cyane Panine, acuzat\u0103 c\u0103 din cauza ei a ars barul, dup\u0103 ce a urmat dorin\u021ba patronilor: s\u0103 serveasc\u0103 sticle de \u0219ampanie cu artificii aprinse de pe umerii unui coleg<\/p>\n<p>Conform dosarului de anchet\u0103, gestul fetei nu ar fi fost o ini\u021biativ\u0103 proprie, ci rezultatul unui obicei impus de conducerea localului.<\/p>\n<p>Cyane era apropiat\u0103 de cuplul Jacques \u0219i Jessica Moretti, proprietarii restaurantului, iar b\u0103rbatul se afl\u0103 \u00een prezent \u00een arest preventiv.<\/p>\n<p>\u201eEra ca o nor\u0103 pentru noi, ca sora mea mai mic\u0103. A petrecut Cr\u0103ciunul cu familia noastr\u0103. Sunt devastat\u0103\u201d, a declarat Jessica Moretti.<\/p>\n<p>Familia tinerei sus\u021bine, prin avoca\u021bii s\u0103i, c\u0103 vina nu \u00eei poate fi atribuit\u0103: \u201eOricare ar fi concluziile anchetei, aceast\u0103 t\u00e2n\u0103r\u0103 a urmat instruc\u021biunile angajatorilor. A f\u0103cut exact ceea ce i s-a cerut. Nu a ac\u021bionat din proprie ini\u021biativ\u0103\u201d, se arat\u0103 \u00eentr-un comunicat transmis presei.<\/p>\n<p>Jacques Moretti a precizat c\u0103 artificiile utilizate la servirea \u0219ampaniei erau folosite \u00een club de aproape un deceniu \u0219i nu provocaser\u0103 niciodat\u0103 incidente. Totu\u0219i, investiga\u021biile continu\u0103 pentru a stabili \u00een detaliu lan\u021bul responsabilit\u0103\u021bilor din seara tragediei care a \u00eendoliat \u00eentreaga sta\u021biune.<\/p>","protected":false},"excerpt":{"rendered":"<p>Potrivit publica\u021biei elve\u021biene 20 Minuten, Cyane Panine, o t\u00e2n\u0103r\u0103 de origine francez\u0103, lucra ca osp\u0103t\u0103ri\u021b\u0103&hellip;<\/p>\n","protected":false},"author":0,"featured_media":57991,"comment_status":"open","ping_status":"open","sticky":false,"template":"","format":"standard","meta":{"footnotes":""},"categories":[2],"tags":[],"class_list":["post-57998","post","type-post","status-publish","format-standard","has-post-thumbnail","hentry","category-actual"],"_links":{"self":[{"href":"https:\/\/247stiri.ro\/index.php\/wp-json\/wp\/v2\/posts\/57998","targetHints":{"allow":["GET"]}}],"collection":[{"href":"https:\/\/247stiri.ro\/index.php\/wp-json\/wp\/v2\/posts"}],"about":[{"href":"https:\/\/247stiri.ro\/index.php\/wp-json\/wp\/v2\/types\/post"}],"replies":[{"embeddable":true,"href":"https:\/\/247stiri.ro\/index.php\/wp-json\/wp\/v2\/comments?post=57998"}],"version-history":[{"count":0,"href":"https:\/\/247stiri.ro\/index.php\/wp-json\/wp\/v2\/posts\/57998\/revisions"}],"wp:featuredmedia":[{"embeddable":true,"href":"https:\/\/247stiri.ro\/index.php\/wp-json\/wp\/v2\/media\/57991"}],"wp:attachment":[{"href":"https:\/\/247stiri.ro\/index.php\/wp-json\/wp\/v2\/media?parent=57998"}],"wp:term":[{"taxonomy":"category","embeddable":true,"href":"https:\/\/247stiri.ro\/index.php\/wp-json\/wp\/v2\/categories?post=57998"},{"taxonomy":"post_tag","embeddable":true,"href":"https:\/\/247stiri.ro\/index.php\/wp-json\/wp\/v2\/tags?post=57998"}],"curies":[{"name":"wp","href":"https:\/\/api.w.org\/{rel}","templated":true}]}}