{"id":58007,"date":"2026-01-14T05:44:56","date_gmt":"2026-01-14T05:44:56","guid":{"rendered":"https:\/\/247stiri.ro\/index.php\/2026\/01\/14\/desertul-uitat-de-romani-redescoperit-de-turistii-straini-o-prajitura-simpla-dar-cu-gust-memorabil\/"},"modified":"2026-01-14T05:44:56","modified_gmt":"2026-01-14T05:44:56","slug":"desertul-uitat-de-romani-redescoperit-de-turistii-straini-o-prajitura-simpla-dar-cu-gust-memorabil","status":"publish","type":"post","link":"https:\/\/247stiri.ro\/index.php\/2026\/01\/14\/desertul-uitat-de-romani-redescoperit-de-turistii-straini-o-prajitura-simpla-dar-cu-gust-memorabil\/","title":{"rendered":"Desertul uitat de rom\u00e2ni, redescoperit de turi\u0219tii str\u0103ini: o pr\u0103jitur\u0103 simpl\u0103, dar cu gust memorabil"},"content":{"rendered":"<p>Cu foi fragede de miere \u0219i o crem\u0103 fin\u0103 de gri\u0219 cu lapte, Albini\u021ba este dovada c\u0103 simplitatea poate fi spectaculoas\u0103. F\u0103r\u0103 glazuri sofisticate sau decoruri moderne, pr\u0103jitura impresioneaz\u0103 prin echilibru: aroma natural\u0103 a mierii se \u00eembin\u0103 perfect cu gustul delicat al cremei, rezult\u00e2nd un desert u\u0219or \u0219i rafinat.<\/p>\n<p>Cel mai adesea, turi\u0219tii str\u0103ini o descoper\u0103 \u00een pensiunile tradi\u021bionale, la festivaluri gastronomice sau \u00een casele rom\u00e2nilor care p\u0103streaz\u0103 vii re\u021betele de odinioar\u0103.<\/p>\n<p>Pentru mul\u021bi dintre ei, Albini\u021ba evoc\u0103 gustul pr\u0103jiturilor de cas\u0103 din copil\u0103rie, indiferent de \u021bara de origine.<\/p>\n<p>De\u0219i odinioar\u0103 nelipsit\u0103 de pe mesele de s\u0103rb\u0103toare, Albini\u021ba a fost treptat \u00eenlocuit\u0103 de deserturi moderne, cu ciocolat\u0103, fri\u0219c\u0103 sau glazuri elaborate.<\/p>\n<p>Totu\u0219i, cei care o redescoper\u0103 apreciaz\u0103 autenticitatea \u0219i simplitatea ei \u2013 mai ales faptul c\u0103 devine tot mai gustoas\u0103 pe m\u0103sur\u0103 ce trece timpul, c\u00e2nd foile se fr\u0103gezesc \u0219i aroma mierii se intensific\u0103.<\/p>\n<p>\u00centr-o perioad\u0103 \u00een care gastronomia rom\u00e2neasc\u0103 se reinventeaz\u0103, Albini\u021ba ar putea redeveni un simbol al gustului de acas\u0103 \u2013 o pr\u0103jitur\u0103 care une\u0219te tradi\u021bia cu rafinamentul natural al simplit\u0103\u021bii.<\/p>","protected":false},"excerpt":{"rendered":"<p>Cu foi fragede de miere \u0219i o crem\u0103 fin\u0103 de gri\u0219 cu lapte, Albini\u021ba este&hellip;<\/p>\n","protected":false},"author":0,"featured_media":0,"comment_status":"open","ping_status":"open","sticky":false,"template":"","format":"standard","meta":{"footnotes":""},"categories":[8],"tags":[],"class_list":["post-58007","post","type-post","status-publish","format-standard","hentry","category-lifestyle"],"_links":{"self":[{"href":"https:\/\/247stiri.ro\/index.php\/wp-json\/wp\/v2\/posts\/58007","targetHints":{"allow":["GET"]}}],"collection":[{"href":"https:\/\/247stiri.ro\/index.php\/wp-json\/wp\/v2\/posts"}],"about":[{"href":"https:\/\/247stiri.ro\/index.php\/wp-json\/wp\/v2\/types\/post"}],"replies":[{"embeddable":true,"href":"https:\/\/247stiri.ro\/index.php\/wp-json\/wp\/v2\/comments?post=58007"}],"version-history":[{"count":0,"href":"https:\/\/247stiri.ro\/index.php\/wp-json\/wp\/v2\/posts\/58007\/revisions"}],"wp:attachment":[{"href":"https:\/\/247stiri.ro\/index.php\/wp-json\/wp\/v2\/media?parent=58007"}],"wp:term":[{"taxonomy":"category","embeddable":true,"href":"https:\/\/247stiri.ro\/index.php\/wp-json\/wp\/v2\/categories?post=58007"},{"taxonomy":"post_tag","embeddable":true,"href":"https:\/\/247stiri.ro\/index.php\/wp-json\/wp\/v2\/tags?post=58007"}],"curies":[{"name":"wp","href":"https:\/\/api.w.org\/{rel}","templated":true}]}}