{"id":5803,"date":"2024-11-08T22:33:39","date_gmt":"2024-11-08T22:33:39","guid":{"rendered":"https:\/\/247stiri.ro\/index.php\/2024\/11\/08\/flavius-este-politistul-din-timis-care-a-murit-subit-la-21-de-ani-ce-s-a-intamplat-de-fapt-cu-tanarul\/"},"modified":"2024-11-08T22:33:39","modified_gmt":"2024-11-08T22:33:39","slug":"flavius-este-politistul-din-timis-care-a-murit-subit-la-21-de-ani-ce-s-a-intamplat-de-fapt-cu-tanarul","status":"publish","type":"post","link":"https:\/\/247stiri.ro\/index.php\/2024\/11\/08\/flavius-este-politistul-din-timis-care-a-murit-subit-la-21-de-ani-ce-s-a-intamplat-de-fapt-cu-tanarul\/","title":{"rendered":"Flavius este poli\u021bistul din Timi\u0219 care a murit subit la 21 de ani. Ce s-a \u00eent\u00e2mplat, de fapt, cu t\u00e2n\u0103rul"},"content":{"rendered":"<p>Originar din B\u0103ile Herculane \u0219i absolvent recent al \u0218colii de Poli\u021bie \u201eVasile Lasc\u0103r\u201d din C\u00e2mpina, Flavius lucra ca poli\u021bist \u00een Timi\u0219 de aproape un an. Potrivit informa\u021biilor preliminare, se pare c\u0103 acesta ar fi suferit un infarct.<\/p>\n<p><a href=\"https:\/\/www.realitatea.net\/stiri\/actual\/politist-din-timis-descoperit-mort-in-baie-in-timpul-serviciului-avea-doar-21-de-ani_672dc74f8863fc58bd081bf7\" target=\"_blank\" rel=\"noopener\">Incidentul s-a petrecut<\/a> \u00een timpul turei, c\u00e2nd Flavius i-a spus colegului c\u0103 merge la toalet\u0103, dar, dup\u0103 ce a \u00eent\u00e2rziat s\u0103 se \u00eentoarc\u0103, colegul s\u0103u a mers s\u0103-l caute \u0219i l-a g\u0103sit incon\u0219tient. Imediat, au \u00eenceput manevrele de resuscitare \u0219i a fost chemat un echipaj medical de urgen\u021b\u0103, \u00eens\u0103, \u00een ciuda eforturilor medicilor, t\u00e2n\u0103rul a fost declarat decedat dup\u0103 o or\u0103 de \u00eencerc\u0103ri. Urmeaz\u0103 s\u0103 fie efectuat\u0103 necropsia pentru a determina cauzele exacte ale decesului.<\/p>\n<p>Mesaj de alarm\u0103 de la Sindicatul Europol<\/p>\n<p>Moartea lui Flavius a adus durere \u0219i revolt\u0103 printre colegii s\u0103i, iar Sindicatul Europol a transmis un mesaj emo\u021bionant, subliniind condi\u021biile dificile \u00een care poli\u021bi\u0219tii sunt nevoi\u021bi s\u0103 lucreze, deseori f\u0103r\u0103 personal suficient \u0219i sub presiune constant\u0103.<\/p>\n<p>\u201eAceast\u0103 tragedie scoate la lumin\u0103 realit\u0103\u021bi dureroase ale muncii de poli\u021bist. Zilnic, suntem supu\u0219i unei \u00eenc\u0103rc\u0103turi emo\u021bionale imense \u0219i unui volum de munc\u0103 incomensurabil, lucr\u00e2nd adesea ore \u00een \u0219ir, \u00een condi\u021bii stresante \u0219i f\u0103r\u0103 personal suficient. Presiunea constant\u0103 \u0219i cerin\u021bele crescute, coroborate cu lipsa de resurse umane, duc la extenuare, burnout sau chiar la riscuri de s\u0103n\u0103tate grave. Acest eveniment tragic ne tulbur\u0103 cu at\u00e2t mai mult cu c\u00e2t Flavius nu era cunoscut cu probleme medicale \u0219i ne face s\u0103 ne \u00eentreb\u0103m dac\u0103 merit\u0103 s\u0103 ne asum\u0103m, la nivel personal, toate dificult\u0103\u021bile \u0219i sacrificiile pentru a ne \u00eendeplini responsabilit\u0103\u021bile \u00eentr-un mediu \u0219i \u00eentr-o institu\u021bie care, din p\u0103cate, nu ne ofer\u0103 sprijinul necesar\u201d, este o parte din mesajul transmis de cei de la Europol.<\/p>\n<p><a href=\"https:\/\/www.realitatea.net\/stiri\/actual\/politist-de-30-de-ani-mort-intrun-accident-teribil-daniel-a-intrat-cu-masina-pe-constrasens_672733d17df457229333fde8\" target=\"_blank\" rel=\"noopener\">Moartea tragic\u0103 a t\u00e2n\u0103rului poli\u021bist<\/a> ridic\u0103 \u00eentreb\u0103ri despre starea de s\u0103n\u0103tate fizic\u0103 \u0219i mental\u0103 a personalului din poli\u021bie, \u00een contextul \u00een care multe sectoare sunt supuse unui volum de munc\u0103 greu de gestionat.<\/p>","protected":false},"excerpt":{"rendered":"<p>Originar din B\u0103ile Herculane \u0219i absolvent recent al \u0218colii de Poli\u021bie \u201eVasile Lasc\u0103r\u201d din C\u00e2mpina,&hellip;<\/p>\n","protected":false},"author":0,"featured_media":5804,"comment_status":"open","ping_status":"open","sticky":false,"template":"","format":"standard","meta":{"footnotes":""},"categories":[2],"tags":[],"class_list":["post-5803","post","type-post","status-publish","format-standard","has-post-thumbnail","hentry","category-actual"],"_links":{"self":[{"href":"https:\/\/247stiri.ro\/index.php\/wp-json\/wp\/v2\/posts\/5803","targetHints":{"allow":["GET"]}}],"collection":[{"href":"https:\/\/247stiri.ro\/index.php\/wp-json\/wp\/v2\/posts"}],"about":[{"href":"https:\/\/247stiri.ro\/index.php\/wp-json\/wp\/v2\/types\/post"}],"replies":[{"embeddable":true,"href":"https:\/\/247stiri.ro\/index.php\/wp-json\/wp\/v2\/comments?post=5803"}],"version-history":[{"count":0,"href":"https:\/\/247stiri.ro\/index.php\/wp-json\/wp\/v2\/posts\/5803\/revisions"}],"wp:featuredmedia":[{"embeddable":true,"href":"https:\/\/247stiri.ro\/index.php\/wp-json\/wp\/v2\/media\/5804"}],"wp:attachment":[{"href":"https:\/\/247stiri.ro\/index.php\/wp-json\/wp\/v2\/media?parent=5803"}],"wp:term":[{"taxonomy":"category","embeddable":true,"href":"https:\/\/247stiri.ro\/index.php\/wp-json\/wp\/v2\/categories?post=5803"},{"taxonomy":"post_tag","embeddable":true,"href":"https:\/\/247stiri.ro\/index.php\/wp-json\/wp\/v2\/tags?post=5803"}],"curies":[{"name":"wp","href":"https:\/\/api.w.org\/{rel}","templated":true}]}}