{"id":58098,"date":"2026-01-14T10:46:31","date_gmt":"2026-01-14T10:46:31","guid":{"rendered":"https:\/\/247stiri.ro\/index.php\/2026\/01\/14\/angajat-al-colegiului-pedagogic-din-craiova-in-stare-grava-dupa-ce-a-fost-injunghiat-de-12-ori-in-timp-ce-mergea-la-munca-agresorul-este-de-negasit\/"},"modified":"2026-01-14T10:46:31","modified_gmt":"2026-01-14T10:46:31","slug":"angajat-al-colegiului-pedagogic-din-craiova-in-stare-grava-dupa-ce-a-fost-injunghiat-de-12-ori-in-timp-ce-mergea-la-munca-agresorul-este-de-negasit","status":"publish","type":"post","link":"https:\/\/247stiri.ro\/index.php\/2026\/01\/14\/angajat-al-colegiului-pedagogic-din-craiova-in-stare-grava-dupa-ce-a-fost-injunghiat-de-12-ori-in-timp-ce-mergea-la-munca-agresorul-este-de-negasit\/","title":{"rendered":"Angajat al Colegiului Pedagogic din Craiova, \u00een stare grav\u0103 dup\u0103 ce a fost \u00eenjunghiat de 12 ori \u00een timp ce mergea la munc\u0103. Agresorul este de neg\u0103sit"},"content":{"rendered":"<p>Reprezentan\u0163ii Parchetului de pe l\u00e2ng\u0103 Tribunalul Dolj au anun\u0163at, miercuri, c\u0103 fac cercet\u0103ri \u00een cadrul unui dosar penal deschis pentru o tentativ\u0103 de omor comis\u0103 asupra unui angajat al Colegiului Na\u0163ional Pedagogic \u201d\u015etefan Velovan\u201d.<\/p>\n<p>\u201dDin probatoriul administrat a reie\u015fit c\u0103 \u00een data de 08.01.2026, \u00een jurul orei 05:30, persoana v\u0103t\u0103mat\u0103 se deplasa pe strada Doljului din Craiova c\u0103tre locul de munc\u0103 \u015fi, \u00een apropierea intersec\u0163iei cu strada Amaradia, ar fi fost atacat\u0103 din spate de o persoan\u0103 necunoscut\u0103, care ar fi purtat haine de culoare \u00eenchis\u0103 \u015fi ar fi avut capul acoperit cu o cagul\u0103. \u00cen timpul atacului, persoana v\u0103t\u0103mat\u0103 ar fi fost lovit\u0103 de dou\u0103sprezece ori cu un <a href=\"https:\/\/www.realitatea.net\/stiri\/actual\/scandal-de-proportii-la-o-primarie-din-judetul-neamt-un-tanar-beat-si-inarmat-cu-un-cutit-sa-dat-in-spectacol_69676ba24b994f48cc2cd713\" target=\"_blank\">obiect t\u0103ietor<\/a> \u00een mai multe zone ale corpului\u201d, au anun\u0163at procurorii.<\/p>\n<p>Potrivit lor, victima a reu\u015fit s\u0103 sune la 112, iar la fa\u0163a locului s-a deplasat un echipaj SMURD, care a transportat-o la spital.<\/p>\n<p>\u201dPreciz\u0103m c\u0103 cercet\u0103rile penale se desf\u0103\u015foar\u0103 \u00een stadiu in rem, cu privire la fapt\u0103 \u015fi au fost administrate mai multe mijloace de prob\u0103 care au condus la conturarea unui cerc de persoane suspectate de comiterea infrac\u0163iunii. P\u00e2n\u0103 \u00een prezent nu a fost formulat\u0103 o acuza\u0163ie penal\u0103 fa\u0163\u0103 de o anumit\u0103 persoan\u0103\u201d, a mai transmis sursa citat\u0103.<\/p>\n<p>Victima lucreaz\u0103 ca fochist la Colegiul Na\u0163ional Pedagogic din Craiova.<\/p>","protected":false},"excerpt":{"rendered":"<p>Reprezentan\u0163ii Parchetului de pe l\u00e2ng\u0103 Tribunalul Dolj au anun\u0163at, miercuri, c\u0103 fac cercet\u0103ri \u00een cadrul&hellip;<\/p>\n","protected":false},"author":0,"featured_media":58099,"comment_status":"open","ping_status":"open","sticky":false,"template":"","format":"standard","meta":{"footnotes":""},"categories":[2],"tags":[],"class_list":["post-58098","post","type-post","status-publish","format-standard","has-post-thumbnail","hentry","category-actual"],"_links":{"self":[{"href":"https:\/\/247stiri.ro\/index.php\/wp-json\/wp\/v2\/posts\/58098","targetHints":{"allow":["GET"]}}],"collection":[{"href":"https:\/\/247stiri.ro\/index.php\/wp-json\/wp\/v2\/posts"}],"about":[{"href":"https:\/\/247stiri.ro\/index.php\/wp-json\/wp\/v2\/types\/post"}],"replies":[{"embeddable":true,"href":"https:\/\/247stiri.ro\/index.php\/wp-json\/wp\/v2\/comments?post=58098"}],"version-history":[{"count":0,"href":"https:\/\/247stiri.ro\/index.php\/wp-json\/wp\/v2\/posts\/58098\/revisions"}],"wp:featuredmedia":[{"embeddable":true,"href":"https:\/\/247stiri.ro\/index.php\/wp-json\/wp\/v2\/media\/58099"}],"wp:attachment":[{"href":"https:\/\/247stiri.ro\/index.php\/wp-json\/wp\/v2\/media?parent=58098"}],"wp:term":[{"taxonomy":"category","embeddable":true,"href":"https:\/\/247stiri.ro\/index.php\/wp-json\/wp\/v2\/categories?post=58098"},{"taxonomy":"post_tag","embeddable":true,"href":"https:\/\/247stiri.ro\/index.php\/wp-json\/wp\/v2\/tags?post=58098"}],"curies":[{"name":"wp","href":"https:\/\/api.w.org\/{rel}","templated":true}]}}