{"id":58100,"date":"2026-01-14T10:46:32","date_gmt":"2026-01-14T10:46:32","guid":{"rendered":"https:\/\/247stiri.ro\/index.php\/2026\/01\/14\/scandal-de-proportii-la-o-primarie-din-judetul-neamt-un-tanar-beat-si-inarmat-cu-un-cutit-s-a-dat-in-spectacol\/"},"modified":"2026-01-14T10:46:32","modified_gmt":"2026-01-14T10:46:32","slug":"scandal-de-proportii-la-o-primarie-din-judetul-neamt-un-tanar-beat-si-inarmat-cu-un-cutit-s-a-dat-in-spectacol","status":"publish","type":"post","link":"https:\/\/247stiri.ro\/index.php\/2026\/01\/14\/scandal-de-proportii-la-o-primarie-din-judetul-neamt-un-tanar-beat-si-inarmat-cu-un-cutit-s-a-dat-in-spectacol\/","title":{"rendered":"Scandal de propor\u021bii la o prim\u0103rie din jude\u021bul Neam\u021b. Un t\u00e2n\u0103r beat \u0219i \u00eenarmat cu un cu\u021bit s-a dat \u00een spectacol"},"content":{"rendered":"<p>Inspectoratul de Poli\u021bie Jude\u021bean <a href=\"https:\/\/www.realitatea.net\/stiri\/actual\/tanar-beat-si-fara-permis-retinut-de-catre-ipj-neamt-dupa-ce-a-fugit-de-politisti-prin-albia-raului_69354face5db770b61299547\" target=\"_blank\">(IPJ) Neam\u021b <\/a>a transmis, miercuri, c\u0103 \u201dpe 13 ianuarie, \u00een jurul orei 10:30, poli\u021bi\u0219tii nem\u021beni au fost sesiza\u021bi prin apel la 112 cu privire la faptul c\u0103 o persoan\u0103 provoac\u0103 scandal la sediul unei institu\u021bii publice (Prim\u0103ria) din localitatea F\u0103urei\u201d.\u00a0<\/p>\n<p>\u00cen urma deplas\u0103rii la fa\u021ba locului, poli\u021bi\u0219tii au identificat persoana reclamat\u0103, un t\u00e2n\u0103r \u00een v\u00e2rst\u0103 de 29 de ani, din aceea\u0219i localitate, aflat \u00eentr-o stare v\u0103dit\u0103 de ebrietate \u0219i manifesta un comportament recalcitrant.<\/p>\n<p>Imediat, poli\u021bi\u0219tii l-au imobilizat \u0219i \u00eenc\u0103tu\u0219at pe individul asupra c\u0103ruia au g\u0103sit un cu\u021bit, care a fost ridicat pentru continuarea cercet\u0103rilor.<\/p>\n<p>\u201d\u00cen aceea\u0219i zi, dup\u0103 administrarea probatoriului, poli\u021bi\u0219tii au dispus m\u0103sura re\u021binerii t\u00e2n\u0103rului pentru 24 de ore. Acesta a fost introdus \u00een Centrul de Re\u021binere \u0219i Arestare Preventiv\u0103 al Inspectoratului de Poli\u021bie Jude\u021bean Neam\u021b.<\/p>\n<p>Cercet\u0103rile sunt continuate sub aspectul s\u0103v\u00e2r\u0219irii infrac\u021biunii de portul sau folosirea f\u0103r\u0103 drept de obiecte periculoase\u201d, a anun\u021bat IPJ Neam\u021b.<\/p>","protected":false},"excerpt":{"rendered":"<p>Inspectoratul de Poli\u021bie Jude\u021bean (IPJ) Neam\u021b a transmis, miercuri, c\u0103 \u201dpe 13 ianuarie, \u00een jurul&hellip;<\/p>\n","protected":false},"author":0,"featured_media":58101,"comment_status":"open","ping_status":"open","sticky":false,"template":"","format":"standard","meta":{"footnotes":""},"categories":[2],"tags":[],"class_list":["post-58100","post","type-post","status-publish","format-standard","has-post-thumbnail","hentry","category-actual"],"_links":{"self":[{"href":"https:\/\/247stiri.ro\/index.php\/wp-json\/wp\/v2\/posts\/58100","targetHints":{"allow":["GET"]}}],"collection":[{"href":"https:\/\/247stiri.ro\/index.php\/wp-json\/wp\/v2\/posts"}],"about":[{"href":"https:\/\/247stiri.ro\/index.php\/wp-json\/wp\/v2\/types\/post"}],"replies":[{"embeddable":true,"href":"https:\/\/247stiri.ro\/index.php\/wp-json\/wp\/v2\/comments?post=58100"}],"version-history":[{"count":0,"href":"https:\/\/247stiri.ro\/index.php\/wp-json\/wp\/v2\/posts\/58100\/revisions"}],"wp:featuredmedia":[{"embeddable":true,"href":"https:\/\/247stiri.ro\/index.php\/wp-json\/wp\/v2\/media\/58101"}],"wp:attachment":[{"href":"https:\/\/247stiri.ro\/index.php\/wp-json\/wp\/v2\/media?parent=58100"}],"wp:term":[{"taxonomy":"category","embeddable":true,"href":"https:\/\/247stiri.ro\/index.php\/wp-json\/wp\/v2\/categories?post=58100"},{"taxonomy":"post_tag","embeddable":true,"href":"https:\/\/247stiri.ro\/index.php\/wp-json\/wp\/v2\/tags?post=58100"}],"curies":[{"name":"wp","href":"https:\/\/api.w.org\/{rel}","templated":true}]}}