{"id":58132,"date":"2026-01-14T11:45:34","date_gmt":"2026-01-14T11:45:34","guid":{"rendered":"https:\/\/247stiri.ro\/index.php\/2026\/01\/14\/sindicatul-europol-acuza-conducerea-politiei-romane-dupa-explozia-de-la-lugoj-intri-si-nu-esti-sigur-daca-iesi-pe-picioare\/"},"modified":"2026-01-14T11:45:34","modified_gmt":"2026-01-14T11:45:34","slug":"sindicatul-europol-acuza-conducerea-politiei-romane-dupa-explozia-de-la-lugoj-intri-si-nu-esti-sigur-daca-iesi-pe-picioare","status":"publish","type":"post","link":"https:\/\/247stiri.ro\/index.php\/2026\/01\/14\/sindicatul-europol-acuza-conducerea-politiei-romane-dupa-explozia-de-la-lugoj-intri-si-nu-esti-sigur-daca-iesi-pe-picioare\/","title":{"rendered":"Sindicatul Europol acuz\u0103 conducerea Poli\u021biei Rom\u00e2ne dup\u0103 explozia de la Lugoj: \u201eIntri \u0219i nu e\u0219ti sigur dac\u0103 ie\u0219i pe picioare\u201d"},"content":{"rendered":"<p>Potrivit sindicali\u0219tilor, incidentul de la Lugoj nu este o excep\u021bie, ci rezultatul direct al lipsei de investi\u021bii \u0219i al indiferen\u021bei institu\u021bionale. \u00cen comunicatul transmis miercuri, Europol descrie situa\u021bii grave \u00eent\u00e2lnite \u00een numeroase sedii de poli\u021bie din \u021bar\u0103: cl\u0103diri f\u0103r\u0103 lumin\u0103 natural\u0103, pere\u021bi cu mucegai, infiltra\u021bii, tavane care risc\u0103 s\u0103 se pr\u0103bu\u0219easc\u0103, \u00eenc\u0103lzire improvizat\u0103 cu centrale neverificate sau sobe cu hornuri necur\u0103\u021bate de ani de zile.<\/p>\n<p>Sindicatul Europol, reac\u021bie dur\u0103 dup\u0103 explozia de la sec\u021bia de poli\u021bie din Lugoj<\/p>\n<p>\u201eA\u0219a am ajuns \u00een anul de gra\u021bie 2026 cu poli\u021bi\u0219ti care sunt nevoi\u021bi s\u0103 lucreze \u00een condi\u021bii total improprii, f\u0103r\u0103 lumin\u0103 natural\u0103, \u00een sedii cu mucegai, \u00een cl\u0103diri cu infiltra\u021bii unde e\u0219ti expus la riscul constant de a-\u021bi c\u0103dea tavanul \u00een cap, \u00een cl\u0103diri f\u0103r\u0103 autoriza\u021bie sanitar\u0103 de func\u021bionare, care sunt \u00eenc\u0103lzite prin centrale termice pe gaz care nu au verificare ISCIR sau cu sobe cu lemne ale c\u0103ror hornuri nu au mai fost cur\u0103\u021bate de ani de zile. Sindicatul nostru a expus sute de asemenea situa\u021bii \u0219i am prezentat public zeci de sedii de poli\u021bie \u00een care intri \u0219i nu e\u0219ti sigur dac\u0103 ie\u0219i pe picioare sau vei fi scos de sub d\u0103r\u00e2m\u0103turi.\u201d<\/p>\n<p>Pe l\u00e2ng\u0103 problemele de infrastructur\u0103, Europol critic\u0103 \u0219i modul \u00een care este condus Inspectoratul de Poli\u021bie Jude\u021bean Timi\u0219. Sindicali\u0219tii \u00eel acuz\u0103 pe chestorul Aurelian Petecel c\u0103 ar fi folosit luni la r\u00e2nd resursele institu\u021biei \u00een scop personal, inclusiv autospeciala de serviciu \u0219i combustibilul, pentru deplas\u0103ri la locuin\u021ba sa de vacan\u021b\u0103.<\/p>\n<p>Acuza\u021bii pe band\u0103 rulant\u0103 la adresa conducerii Poli\u021biei Rom\u00e2ne<\/p>\n<p>\u201e\u0218efii Poli\u021biei Rom\u00e2ne nu au apreciat c\u0103 a adus atingere imaginii institu\u021biei \u0219i chestorul Petecel a fost \u00abiertat\u00bb de o sanc\u021biune disciplinar\u0103, fiind obligat doar s\u0103 pl\u0103teasc\u0103 benzina consumat\u0103. \u00cen schimb, la nivelul IGPR exist\u0103 sute de poli\u021bi\u0219ti sanc\u021biona\u021bi disciplinar pentru atingeri \u00eenchipuite ale imaginii Poli\u021biei Rom\u00e2ne.\u201d<\/p>\n<p>Reac\u021bia vine dup\u0103 explozia produs\u0103 miercuri \u00eentr-o anex\u0103 din curtea Poli\u021biei Rutiere Lugoj. Deflagra\u021bia nu a fost urmat\u0103 de incendiu, \u00eens\u0103 doi poli\u021bi\u0219ti au fost transporta\u021bi la spital cu arsuri, iar o a treia persoan\u0103, tot angajat al Poli\u021biei, a suferit un atac de panic\u0103. Cauza exploziei este \u00een continuare investigat\u0103, iar sindicali\u0219tii cer m\u0103suri urgente pentru modernizarea sediilor \u0219i protejarea personalului din structurile de ordine public\u0103.<\/p>","protected":false},"excerpt":{"rendered":"<p>Potrivit sindicali\u0219tilor, incidentul de la Lugoj nu este o excep\u021bie, ci rezultatul direct al lipsei&hellip;<\/p>\n","protected":false},"author":0,"featured_media":58133,"comment_status":"open","ping_status":"open","sticky":false,"template":"","format":"standard","meta":{"footnotes":""},"categories":[2],"tags":[],"class_list":["post-58132","post","type-post","status-publish","format-standard","has-post-thumbnail","hentry","category-actual"],"_links":{"self":[{"href":"https:\/\/247stiri.ro\/index.php\/wp-json\/wp\/v2\/posts\/58132","targetHints":{"allow":["GET"]}}],"collection":[{"href":"https:\/\/247stiri.ro\/index.php\/wp-json\/wp\/v2\/posts"}],"about":[{"href":"https:\/\/247stiri.ro\/index.php\/wp-json\/wp\/v2\/types\/post"}],"replies":[{"embeddable":true,"href":"https:\/\/247stiri.ro\/index.php\/wp-json\/wp\/v2\/comments?post=58132"}],"version-history":[{"count":0,"href":"https:\/\/247stiri.ro\/index.php\/wp-json\/wp\/v2\/posts\/58132\/revisions"}],"wp:featuredmedia":[{"embeddable":true,"href":"https:\/\/247stiri.ro\/index.php\/wp-json\/wp\/v2\/media\/58133"}],"wp:attachment":[{"href":"https:\/\/247stiri.ro\/index.php\/wp-json\/wp\/v2\/media?parent=58132"}],"wp:term":[{"taxonomy":"category","embeddable":true,"href":"https:\/\/247stiri.ro\/index.php\/wp-json\/wp\/v2\/categories?post=58132"},{"taxonomy":"post_tag","embeddable":true,"href":"https:\/\/247stiri.ro\/index.php\/wp-json\/wp\/v2\/tags?post=58132"}],"curies":[{"name":"wp","href":"https:\/\/api.w.org\/{rel}","templated":true}]}}