{"id":58142,"date":"2026-01-14T12:45:35","date_gmt":"2026-01-14T12:45:35","guid":{"rendered":"https:\/\/247stiri.ro\/index.php\/2026\/01\/14\/primarul-din-huedin-mircea-morosan-a-demisionat-dupa-20-de-ani-de-mandat-edilul-fuge-de-masurile-draconice-impuse-de-ilie-bolojan\/"},"modified":"2026-01-14T12:45:35","modified_gmt":"2026-01-14T12:45:35","slug":"primarul-din-huedin-mircea-morosan-a-demisionat-dupa-20-de-ani-de-mandat-edilul-fuge-de-masurile-draconice-impuse-de-ilie-bolojan","status":"publish","type":"post","link":"https:\/\/247stiri.ro\/index.php\/2026\/01\/14\/primarul-din-huedin-mircea-morosan-a-demisionat-dupa-20-de-ani-de-mandat-edilul-fuge-de-masurile-draconice-impuse-de-ilie-bolojan\/","title":{"rendered":"Primarul din Huedin, Mircea Moro\u0219an, a demisionat dup\u0103 20 de ani de mandat: edilul fuge de m\u0103surile draconice impuse de Ilie Bolojan"},"content":{"rendered":"<p>Prim\u0103ria Huedin a confirmat oficial demisia \u0219i a transmis c\u0103 atribu\u021biile vor fi preluate de viceprimarul Norbert Dezsi, astfel \u00eenc\u00e2t activitatea administra\u021biei locale s\u0103 continue f\u0103r\u0103 \u00eentreruperi. De-a lungul mandatelor sale, Mircea Moro\u0219an a coordonat proiecte majore de modernizare a ora\u0219ului.<\/p>\n<p>Edilul a explicat c\u0103 decizia sa are dou\u0103 motive principale: finalizarea obiectivelor asumate \u0219i lipsa unei majorit\u0103\u021bi solide \u00een urma alegerilor din 2024.<\/p>\n<p>De ce a demisionat Mircea Moro\u0219an<\/p>\n<p>\u201eAceast\u0103 decizie am luat-o av\u00e2nd \u00een vedere dou\u0103 considerente majore. Primul \u021bine de obiectivele pe care mi le-am asumat \u00eenc\u0103 de la \u00eenceputul mandatului. Au fost patru direc\u021bii clare: \u00een primul r\u00e2nd, scoaterea Huedinului din noroi, prin modernizarea str\u0103zilor, trotuarelor \u0219i a parc\u0103rilor. Al doilea obiectiv a fost aducerea gazului \u00een ora\u0219, un proiect esen\u021bial pentru dezvoltare. Al treilea a vizat punerea la punct a sistemului medical local, astfel \u00eenc\u00e2t oamenii s\u0103 beneficieze de servicii decente, aproape de cas\u0103. Al patrulea \u0219i ultimul obiectiv, care s-a concretizat recent, a fost atragerea unui investitor major \u00een Huedin. Compania Knauf va realiza o investi\u021bie important\u0103 \u00een ora\u0219; autoriza\u021bia de construire a fost eliberat\u0103, constructorul a fost desemnat, iar \u00een aceast\u0103 s\u0103pt\u0103m\u00e2n\u0103 \u00eencepe organizarea de \u0219antier.<\/p>\n<p>Al doilea considerent a fost legat de rezultatul alegerilor locale. Mandatul a fost c\u00e2\u0219tigat cu dificultate, cu aproximativ o treime din voturi, fapt care mi-a dat de g\u00e2ndit. Ne afl\u0103m \u00een pragul unor decizii importante privind reforma administrativ\u0103, iar f\u0103r\u0103 o majoritate solid\u0103, de 50% plus unu, nu consider corect s\u0103 iau decizii nepopulare, care s\u0103 afecteze \u00eentreaga comunitate. Nu doresc ca administra\u021bia local\u0103 \u0219i primarul s\u0103 fie pu\u0219i \u00een situa\u021bia de a aplica m\u0103suri dificile, asumate la nivel central, f\u0103r\u0103 o sus\u021binere clar\u0103 din partea cet\u0103\u021benilor.<\/p>\n<p>Am ales s\u0103 fac acest pas dup\u0103 mul\u021bi ani de munc\u0103 \u00een slujba comunit\u0103\u021bii. Am \u00eencercat \u00eentotdeauna s\u0103 pun interesul ora\u0219ului pe primul loc \u0219i s\u0103 las \u00een urm\u0103 proiecte care s\u0103 conteze pe termen lung. Huedinul de ast\u0103zi este un ora\u0219 care arat\u0103 \u0219i func\u021bioneaz\u0103 altfel dec\u00e2t \u00een urm\u0103 cu ani, iar acest lucru a fost posibil datorit\u0103 unei echipe implicate \u0219i a \u00eencrederii acordate de cet\u0103\u021beni.\u201d<\/p>","protected":false},"excerpt":{"rendered":"<p>Prim\u0103ria Huedin a confirmat oficial demisia \u0219i a transmis c\u0103 atribu\u021biile vor fi preluate de&hellip;<\/p>\n","protected":false},"author":0,"featured_media":58143,"comment_status":"open","ping_status":"open","sticky":false,"template":"","format":"standard","meta":{"footnotes":""},"categories":[3],"tags":[],"class_list":["post-58142","post","type-post","status-publish","format-standard","has-post-thumbnail","hentry","category-politica"],"_links":{"self":[{"href":"https:\/\/247stiri.ro\/index.php\/wp-json\/wp\/v2\/posts\/58142","targetHints":{"allow":["GET"]}}],"collection":[{"href":"https:\/\/247stiri.ro\/index.php\/wp-json\/wp\/v2\/posts"}],"about":[{"href":"https:\/\/247stiri.ro\/index.php\/wp-json\/wp\/v2\/types\/post"}],"replies":[{"embeddable":true,"href":"https:\/\/247stiri.ro\/index.php\/wp-json\/wp\/v2\/comments?post=58142"}],"version-history":[{"count":0,"href":"https:\/\/247stiri.ro\/index.php\/wp-json\/wp\/v2\/posts\/58142\/revisions"}],"wp:featuredmedia":[{"embeddable":true,"href":"https:\/\/247stiri.ro\/index.php\/wp-json\/wp\/v2\/media\/58143"}],"wp:attachment":[{"href":"https:\/\/247stiri.ro\/index.php\/wp-json\/wp\/v2\/media?parent=58142"}],"wp:term":[{"taxonomy":"category","embeddable":true,"href":"https:\/\/247stiri.ro\/index.php\/wp-json\/wp\/v2\/categories?post=58142"},{"taxonomy":"post_tag","embeddable":true,"href":"https:\/\/247stiri.ro\/index.php\/wp-json\/wp\/v2\/tags?post=58142"}],"curies":[{"name":"wp","href":"https:\/\/api.w.org\/{rel}","templated":true}]}}