{"id":58226,"date":"2026-01-14T17:44:48","date_gmt":"2026-01-14T17:44:48","guid":{"rendered":"https:\/\/247stiri.ro\/index.php\/2026\/01\/14\/scaunul-lui-viktor-orban-se-clatina-serios-opozitia-reprezentata-de-tisza-isi-mareste-avantajul-in-fata-fidesz\/"},"modified":"2026-01-14T17:44:48","modified_gmt":"2026-01-14T17:44:48","slug":"scaunul-lui-viktor-orban-se-clatina-serios-opozitia-reprezentata-de-tisza-isi-mareste-avantajul-in-fata-fidesz","status":"publish","type":"post","link":"https:\/\/247stiri.ro\/index.php\/2026\/01\/14\/scaunul-lui-viktor-orban-se-clatina-serios-opozitia-reprezentata-de-tisza-isi-mareste-avantajul-in-fata-fidesz\/","title":{"rendered":"Scaunul lui Viktor Orban se clatin\u0103 serios. Opozi\u021bia, reprezentat\u0103 de Tisza, \u00ee\u0219i m\u0103re\u0219te avantajul \u00een fa\u021ba Fidesz"},"content":{"rendered":"<p>Un sondaj al institutului Median arat\u0103 c\u0103 partidul Tisza, condus de Peter Magyar, are acum un avans de 12 puncte procentuale fa\u021b\u0103 de Fidesz, \u00een cre\u0219tere fa\u021b\u0103 de 10 puncte \u00eenregistrate \u00een noiembrie.<\/p>\n<p>Potrivit cercet\u0103rii citate de <a href=\"https:\/\/www.reuters.com\/business\/media-telecom\/hungarys-main-opposition-widens-lead-over-pm-orbans-fidesz-two-surveys-show-2026-01-14\/\" target=\"_blank\">Reuters<\/a>, Tisza este creditat cu 51% din op\u021biunile aleg\u0103torilor deci\u0219i, \u00een timp ce Fidesz scade la 39%.<\/p>\n<p>Viktor Orban ar putea pierde conducerea Ungariei<\/p>\n<p>Sondajul Median, realizat \u00eentre 7 \u0219i 13 ianuarie, relev\u0103 c\u0103 Tisza atrage majoritatea noilor sus\u021bin\u0103tori din r\u00e2ndul aleg\u0103torilor altor partide de opozi\u021bie, \u00een timp ce Fidesz pare s\u0103 piard\u0103 teren f\u0103r\u0103 a reu\u0219i s\u0103 atrag\u0103 un electorat nou.<\/p>\n<p>Un al doilea studiu, efectuat de Idea Institute \u00eentre 31 decembrie \u0219i 6 ianuarie, plaseaz\u0103 Tisza la 48% din inten\u021biile de vot ale aleg\u0103torilor deci\u0219i, cu un avans de 10 puncte \u00een fa\u021ba Fidesz.<\/p>\n<p>Premierul Viktor Orban, aflat la putere din 2010, se confrunt\u0103 astfel cu cea mai serioas\u0103 provocare politic\u0103 din ultimii ani.<\/p>\n<p>\u0218eful guvernului ungar a men\u021binut rela\u021bii str\u00e2nse cu Rusia \u00een contextul r\u0103zboiului din Ucraina, l-a sprijinit deschis pe fostul pre\u0219edinte american Donald Trump \u0219i a avut frecvente tensiuni cu liderii Uniunii Europene.<\/p>\n<p>\u00cen contrast, adversarul s\u0103u Peter Magyar promite o orientare pro-european\u0103 \u0219i pro-NATO, afirm\u00e2nd c\u0103, \u00een cazul unei victorii, va urm\u0103ri rela\u021bii \u201epragmatice\u201d cu Moscova.<\/p>","protected":false},"excerpt":{"rendered":"<p>Un sondaj al institutului Median arat\u0103 c\u0103 partidul Tisza, condus de Peter Magyar, are acum&hellip;<\/p>\n","protected":false},"author":0,"featured_media":58223,"comment_status":"open","ping_status":"open","sticky":false,"template":"","format":"standard","meta":{"footnotes":""},"categories":[2],"tags":[],"class_list":["post-58226","post","type-post","status-publish","format-standard","has-post-thumbnail","hentry","category-actual"],"_links":{"self":[{"href":"https:\/\/247stiri.ro\/index.php\/wp-json\/wp\/v2\/posts\/58226","targetHints":{"allow":["GET"]}}],"collection":[{"href":"https:\/\/247stiri.ro\/index.php\/wp-json\/wp\/v2\/posts"}],"about":[{"href":"https:\/\/247stiri.ro\/index.php\/wp-json\/wp\/v2\/types\/post"}],"replies":[{"embeddable":true,"href":"https:\/\/247stiri.ro\/index.php\/wp-json\/wp\/v2\/comments?post=58226"}],"version-history":[{"count":0,"href":"https:\/\/247stiri.ro\/index.php\/wp-json\/wp\/v2\/posts\/58226\/revisions"}],"wp:featuredmedia":[{"embeddable":true,"href":"https:\/\/247stiri.ro\/index.php\/wp-json\/wp\/v2\/media\/58223"}],"wp:attachment":[{"href":"https:\/\/247stiri.ro\/index.php\/wp-json\/wp\/v2\/media?parent=58226"}],"wp:term":[{"taxonomy":"category","embeddable":true,"href":"https:\/\/247stiri.ro\/index.php\/wp-json\/wp\/v2\/categories?post=58226"},{"taxonomy":"post_tag","embeddable":true,"href":"https:\/\/247stiri.ro\/index.php\/wp-json\/wp\/v2\/tags?post=58226"}],"curies":[{"name":"wp","href":"https:\/\/api.w.org\/{rel}","templated":true}]}}