{"id":58227,"date":"2026-01-14T17:44:48","date_gmt":"2026-01-14T17:44:48","guid":{"rendered":"https:\/\/247stiri.ro\/index.php\/2026\/01\/14\/anuntul-lui-george-simion-pentru-protestul-de-maine-nu-cedez-nu-renunt-lumea-vede-ca-e-frig-in-casa-lumea-vede-cat-plateste-la-impozite-video\/"},"modified":"2026-01-14T17:44:48","modified_gmt":"2026-01-14T17:44:48","slug":"anuntul-lui-george-simion-pentru-protestul-de-maine-nu-cedez-nu-renunt-lumea-vede-ca-e-frig-in-casa-lumea-vede-cat-plateste-la-impozite-video","status":"publish","type":"post","link":"https:\/\/247stiri.ro\/index.php\/2026\/01\/14\/anuntul-lui-george-simion-pentru-protestul-de-maine-nu-cedez-nu-renunt-lumea-vede-ca-e-frig-in-casa-lumea-vede-cat-plateste-la-impozite-video\/","title":{"rendered":"Anun\u021bul lui George Simion pentru protestul de m\u00e2ine: \u201eNu cedez, nu renun\u021b! Lumea vede c\u0103 e frig \u00een cas\u0103, lumea vede c\u00e2t pl\u0103te\u0219te la impozite\u201d. VIDEO"},"content":{"rendered":"<p>Liderul AUR a publicat pe pagina sa de Facebook un videoclip \u00een care se adreseaz\u0103 direct sus\u021bin\u0103torilor s\u0103i \u0219i anun\u021b\u0103 participarea la protestul programat pentru joi. \u00cen mesajul transmis, acesta critic\u0103 dur deciziile politice recente \u0219i impactul acestora asupra economiei, agriculturii \u0219i condi\u021biilor de trai ale rom\u00e2nilor.<\/p>\n<p>\u00a0\u201eSunte\u021bi foarte dispera\u021bi, at\u00e2ta trebuie s\u0103 \u021bine\u021bi minte. Eu nu cedez, eu nu renun\u021b, la mine nu merge cu intimid\u0103rile pe care voi le st\u0103p\u00e2ni\u021bi. Pentru ce at\u00e2tea diversiuni, pentru ce at\u00e2tea minciuni, pentru ce \u00eencerca\u021bi s\u0103 g\u0103si\u021bi pretexte, s\u0103 speria\u021bi lumea, s\u0103 p\u0103c\u0103li\u021bi lumea, s\u0103 le spune\u021bi minciuni despre AUR, despre suverani\u0219ti. la proteste cic\u0103 se dau 100 de lei \u0219i un hamburger.<\/p>\n<p>Mie nu mi-e fric\u0103. C\u00e2nd am zis c\u0103 nu \u00a0particip la proteste a fost pentru a nu d\u0103una acelor proteste care trebuiau s\u0103 apar\u0103. Eu nu sunt singur. Am \u00een spatele meu zeci de mii de oameni care la fel nu cedeaz\u0103 \u0219i nu se intimideaz\u0103, mergem p\u00e2n\u0103 la cap\u0103t. Pentru c\u0103\u00a0 nu pute\u021bi s\u0103 ne denigra\u021bi pe salarii de mii de euro, zi de zi, ca s\u0103 p\u0103c\u0103li\u021bi lumea. Lumea vede c\u0103 e frig \u00een cas\u0103, lumea vede c\u00e2t pl\u0103te\u0219te la impozite, lumea vede c\u0103 mor b\u0103tr\u00e2ni \u00eenghe\u021ba\u021bi \u00een case.<\/p>\n<p>Lumea nu e proast\u0103 cum o crede\u021bi voi. V\u0103 deranjeaz\u0103 foarte mult c\u0103 ie\u0219im \u00a0la proteste, inclusiv la protestul de m\u00e2ine, de joi. Da ie\u0219im, pentru c\u0103 \u00eentr-un fel sau altul nu sunte\u021bi doar voi \u00een Rom\u00e2nia \u0219i c\u0103 voi sunte\u021bi cei care au anulat alegerile \u0219i sus\u021bine\u021bi dictatura, sus\u021bine\u021bi impunerea de personaje sinistre, cu mari probleme, \u00een func\u021bii de conducere. Nu mai vrem sa fim condu\u0219i a\u0219a. Nu am nicio miz\u0103 alta dec\u00e2t s\u0103 se termine cu aceast\u0103 dicatur\u0103 \u0219i s\u0103 revenim la normalitate \u0219i la \u021bara noastr\u0103 Rom\u00e2nia.<\/p>\n<p>Felul \u00een care a\u021bi semnat acordul Mercosur, felul \u00een care vor fi aduse cereale, carne din Brazilia, din Ucraina, pline de pesticide, e un total dispre\u021b fa\u021b\u0103 de bruma de agricultori rom\u00e2ni care se \u00eenc\u0103p\u0103\u021b\u00e2nau s\u0103 creasc\u0103 animale, s\u0103 cultive cereale, legume, fructe pe p\u0103m\u00e2ntul rom\u00e2nesc arat\u0103 c\u00e2t de tr\u0103d\u0103tori pute\u021bi fi.\u00a0 \u0218i mai devreme \u0219i mai t\u00e2rziu, chiar \u0219i la noi la rom\u00e2ni, \u0103\u0219tia de care v\u0103 bate\u021bi voi joc voi, o s\u0103 explodeze m\u0103m\u0103liga.\u00a0 \u0218i eu o s\u0103 fiu acolo. Tic Tac.\u201d<\/p>\n\n<p><a title='George Simion il acuza pe Nicusor Dan de ipocrizie in privinta ,,dezinformarii\": Tocmai el se plange?' href=\"https:\/\/www.realitatea.net\/stiri\/actual\/george-simion-il-acuza-pe-nicusor-dan-de-ipocrizie-in-privinta-dezinformarii-tocmai-el-se-plange_6960ca6302ae817cde0b2032\">George Simion \u00eel acuz\u0103 pe Nicu\u0219or Dan de ipocrizie \u00een privin\u021ba \u201edezinform\u0103rii\u201d: Tocmai el se pl\u00e2nge?<\/a><\/p>\n<p>\u00a0<\/p>","protected":false},"excerpt":{"rendered":"<p>Liderul AUR a publicat pe pagina sa de Facebook un videoclip \u00een care se adreseaz\u0103&hellip;<\/p>\n","protected":false},"author":0,"featured_media":58225,"comment_status":"open","ping_status":"open","sticky":false,"template":"","format":"standard","meta":{"footnotes":""},"categories":[2],"tags":[],"class_list":["post-58227","post","type-post","status-publish","format-standard","has-post-thumbnail","hentry","category-actual"],"_links":{"self":[{"href":"https:\/\/247stiri.ro\/index.php\/wp-json\/wp\/v2\/posts\/58227","targetHints":{"allow":["GET"]}}],"collection":[{"href":"https:\/\/247stiri.ro\/index.php\/wp-json\/wp\/v2\/posts"}],"about":[{"href":"https:\/\/247stiri.ro\/index.php\/wp-json\/wp\/v2\/types\/post"}],"replies":[{"embeddable":true,"href":"https:\/\/247stiri.ro\/index.php\/wp-json\/wp\/v2\/comments?post=58227"}],"version-history":[{"count":0,"href":"https:\/\/247stiri.ro\/index.php\/wp-json\/wp\/v2\/posts\/58227\/revisions"}],"wp:featuredmedia":[{"embeddable":true,"href":"https:\/\/247stiri.ro\/index.php\/wp-json\/wp\/v2\/media\/58225"}],"wp:attachment":[{"href":"https:\/\/247stiri.ro\/index.php\/wp-json\/wp\/v2\/media?parent=58227"}],"wp:term":[{"taxonomy":"category","embeddable":true,"href":"https:\/\/247stiri.ro\/index.php\/wp-json\/wp\/v2\/categories?post=58227"},{"taxonomy":"post_tag","embeddable":true,"href":"https:\/\/247stiri.ro\/index.php\/wp-json\/wp\/v2\/tags?post=58227"}],"curies":[{"name":"wp","href":"https:\/\/api.w.org\/{rel}","templated":true}]}}