{"id":5824,"date":"2024-11-09T06:44:48","date_gmt":"2024-11-09T06:44:48","guid":{"rendered":"https:\/\/247stiri.ro\/index.php\/2024\/11\/09\/ce-pensie-are-saveta-bogdan-dupa-marea-recalculare-si-dupa-o-viata-intreaga-petrecuta-pe-scena\/"},"modified":"2024-11-09T06:44:48","modified_gmt":"2024-11-09T06:44:48","slug":"ce-pensie-are-saveta-bogdan-dupa-marea-recalculare-si-dupa-o-viata-intreaga-petrecuta-pe-scena","status":"publish","type":"post","link":"https:\/\/247stiri.ro\/index.php\/2024\/11\/09\/ce-pensie-are-saveta-bogdan-dupa-marea-recalculare-si-dupa-o-viata-intreaga-petrecuta-pe-scena\/","title":{"rendered":"Ce pensie are Saveta Bogdan dup\u0103 marea recalculare \u0219i dup\u0103 o via\u021b\u0103 \u00eentreag\u0103 petrecut\u0103 pe scen\u0103"},"content":{"rendered":"<p>Saveta Bogdan a dezv\u0103luit c\u0103 pensia i s-a majorat cu 1.800 de lei dup\u0103 marea recalculare din septembrie, \u00eens\u0103, suma tot nu \u00eei ajunge pentru a-\u0219i acoperi nevoile de zi cu zi.<\/p>\n<p>C\u00e2nt\u0103rea\u021ba spune c\u0103 banii pe care se bazeaz\u0103 pentru un trai decent \u00eei c\u00e2\u0219tig\u0103 la evenimentele la care este chemat\u0103 s\u0103 c\u00e2nte.<\/p>\n<p>De\u0219i are un nume greu \u00een muzica popular\u0103, Saveta Bogdan \u00eencaseaz\u0103 \u00een fiecare lun\u0103 doar 3.000 de lei de la stat, dup\u0103 marea recalculare a pensiilor.<\/p>\n<p>\u201eSunt bine, sunt s\u0103n\u0103toas\u0103, c\u00e2nt, \u00eemi v\u0103d de treaba mea. Am o pensie, dragii mei, s\u0103 \u0219ti\u021bi c\u0103 sunt bine \u0219i s\u0103n\u0103toas\u0103. Nu am o pensie de 100 de milioane, dar am o pensie acolo de 30, m\u0103 descurc. \u0218i cu ce mai c\u00e2nt, m\u0103 descurc\u201d, a declarat artista.<\/p>\n<p>Saveta Bogdan are o fiic\u0103, pe nume C\u0103t\u0103lina, care locuie\u0219te \u00een Statele Unite ale Americii. Solista o viziteaz\u0103 destul de des \u0219i a m\u0103rturisit c\u0103 t\u00e2n\u0103ra o roag\u0103 s\u0103 se mute acolo, \u00eens\u0103 artista spune c\u0103 nu vrea s\u0103 \u00ee\u0219i p\u0103r\u0103seasc\u0103 \u021bara.\u00a0<\/p>","protected":false},"excerpt":{"rendered":"<p>Saveta Bogdan a dezv\u0103luit c\u0103 pensia i s-a majorat cu 1.800 de lei dup\u0103 marea&hellip;<\/p>\n","protected":false},"author":0,"featured_media":5818,"comment_status":"open","ping_status":"open","sticky":false,"template":"","format":"standard","meta":{"footnotes":""},"categories":[2],"tags":[],"class_list":["post-5824","post","type-post","status-publish","format-standard","has-post-thumbnail","hentry","category-actual"],"_links":{"self":[{"href":"https:\/\/247stiri.ro\/index.php\/wp-json\/wp\/v2\/posts\/5824","targetHints":{"allow":["GET"]}}],"collection":[{"href":"https:\/\/247stiri.ro\/index.php\/wp-json\/wp\/v2\/posts"}],"about":[{"href":"https:\/\/247stiri.ro\/index.php\/wp-json\/wp\/v2\/types\/post"}],"replies":[{"embeddable":true,"href":"https:\/\/247stiri.ro\/index.php\/wp-json\/wp\/v2\/comments?post=5824"}],"version-history":[{"count":0,"href":"https:\/\/247stiri.ro\/index.php\/wp-json\/wp\/v2\/posts\/5824\/revisions"}],"wp:featuredmedia":[{"embeddable":true,"href":"https:\/\/247stiri.ro\/index.php\/wp-json\/wp\/v2\/media\/5818"}],"wp:attachment":[{"href":"https:\/\/247stiri.ro\/index.php\/wp-json\/wp\/v2\/media?parent=5824"}],"wp:term":[{"taxonomy":"category","embeddable":true,"href":"https:\/\/247stiri.ro\/index.php\/wp-json\/wp\/v2\/categories?post=5824"},{"taxonomy":"post_tag","embeddable":true,"href":"https:\/\/247stiri.ro\/index.php\/wp-json\/wp\/v2\/tags?post=5824"}],"curies":[{"name":"wp","href":"https:\/\/api.w.org\/{rel}","templated":true}]}}