{"id":58241,"date":"2026-01-14T18:44:57","date_gmt":"2026-01-14T18:44:57","guid":{"rendered":"https:\/\/247stiri.ro\/index.php\/2026\/01\/14\/marius-pieleanu-analiza-momentului-exista-posibilitatea-ca-psd-sa-faca-alianta-cu-aur\/"},"modified":"2026-01-14T18:44:57","modified_gmt":"2026-01-14T18:44:57","slug":"marius-pieleanu-analiza-momentului-exista-posibilitatea-ca-psd-sa-faca-alianta-cu-aur","status":"publish","type":"post","link":"https:\/\/247stiri.ro\/index.php\/2026\/01\/14\/marius-pieleanu-analiza-momentului-exista-posibilitatea-ca-psd-sa-faca-alianta-cu-aur\/","title":{"rendered":"Marius Pieleanu, analiza momentului: Exist\u0103 posibilitatea ca PSD s\u0103 fac\u0103 alian\u021b\u0103 cu AUR"},"content":{"rendered":"<p>Marius Pieleanu este de p\u0103rere c\u0103 social-democra\u021bii pierd votan\u021bi din cauza taxelor lui Bolojan, astfel c\u0103 singura variant\u0103 prin care PSD s\u0103 r\u0103m\u00e2n\u0103 la putere este s\u0103 treac\u0103 \u00een tab\u0103ra suverani\u0219tilor.<\/p>\n<p>\u201ePartidul Social Democrat, \u00een opinia mea, este \u00eentr-o situa\u021bie extrem de delicat\u0103 la \u00eenceputul acestui an, pentru c\u0103 m\u0103surile de austeritate exagerate, \u00een opinia mea, pe care premierul Bolojan le-a impus, afecteaz\u0103 \u00een mod direct \u0219i indubitabil inima electoratului PSD, adic\u0103 persoanele de v\u00e2rsta treia \u0219i, \u00een general, categoriile s\u0103race de popula\u021bie.<\/p>\n<p>Impozitele \u0219i taxele astea exagerat de mari vor crea un transfer de electorat, firesc, natural, c\u0103tre AUR, al multora dintre cei pe care, p\u00e2n\u0103 acum, \u00eei nominalizam cu siguran\u021b\u0103 ca f\u0103c\u00e2nd parte din bazinul tradi\u021bional de vot al Partidului Social Democrat.<\/p>\n<p>Dac\u0103 PSD-ul va ie\u0219i de la guvernare, eu cred c\u0103 \u0103sta va fi motivul principal. Acela c\u0103, p\u00e2n\u0103 la alegerile urm\u0103toare, anticipate sau regulate, PSD-ul risc\u0103 s\u0103 devin\u0103 un partid oarecare, de locul 3, chiar 4. \u0218i atunci, probabil c\u0103 va fi o \u00eent\u00e2lnire, va fi o analiz\u0103 foarte serioas\u0103 c\u00e2nd to\u021bi liderii partidului se vor reuni la Bucure\u0219ti pe finalul acestei s\u0103pt\u0103m\u00e2ni sau \u00eenceputul s\u0103pt\u0103m\u00e2nii viitoare \u0219i vor lua o decizie.\u201d, a declarat Marius Pieleanu la Realitatea Plus.<\/p>","protected":false},"excerpt":{"rendered":"<p>Marius Pieleanu este de p\u0103rere c\u0103 social-democra\u021bii pierd votan\u021bi din cauza taxelor lui Bolojan, astfel&hellip;<\/p>\n","protected":false},"author":0,"featured_media":58237,"comment_status":"open","ping_status":"open","sticky":false,"template":"","format":"standard","meta":{"footnotes":""},"categories":[2],"tags":[],"class_list":["post-58241","post","type-post","status-publish","format-standard","has-post-thumbnail","hentry","category-actual"],"_links":{"self":[{"href":"https:\/\/247stiri.ro\/index.php\/wp-json\/wp\/v2\/posts\/58241","targetHints":{"allow":["GET"]}}],"collection":[{"href":"https:\/\/247stiri.ro\/index.php\/wp-json\/wp\/v2\/posts"}],"about":[{"href":"https:\/\/247stiri.ro\/index.php\/wp-json\/wp\/v2\/types\/post"}],"replies":[{"embeddable":true,"href":"https:\/\/247stiri.ro\/index.php\/wp-json\/wp\/v2\/comments?post=58241"}],"version-history":[{"count":0,"href":"https:\/\/247stiri.ro\/index.php\/wp-json\/wp\/v2\/posts\/58241\/revisions"}],"wp:featuredmedia":[{"embeddable":true,"href":"https:\/\/247stiri.ro\/index.php\/wp-json\/wp\/v2\/media\/58237"}],"wp:attachment":[{"href":"https:\/\/247stiri.ro\/index.php\/wp-json\/wp\/v2\/media?parent=58241"}],"wp:term":[{"taxonomy":"category","embeddable":true,"href":"https:\/\/247stiri.ro\/index.php\/wp-json\/wp\/v2\/categories?post=58241"},{"taxonomy":"post_tag","embeddable":true,"href":"https:\/\/247stiri.ro\/index.php\/wp-json\/wp\/v2\/tags?post=58241"}],"curies":[{"name":"wp","href":"https:\/\/api.w.org\/{rel}","templated":true}]}}