{"id":58242,"date":"2026-01-14T18:44:58","date_gmt":"2026-01-14T18:44:58","guid":{"rendered":"https:\/\/247stiri.ro\/index.php\/2026\/01\/14\/ministrul-muncii-anunta-cresterea-alocatiei-de-hrana-si-a-finantarii-serviciilor-sociale-din-2022-aceste-sume-au-ramas-la-fel-in-timp-ce-costul-vietii-a-crescut-constant\/"},"modified":"2026-01-14T18:44:58","modified_gmt":"2026-01-14T18:44:58","slug":"ministrul-muncii-anunta-cresterea-alocatiei-de-hrana-si-a-finantarii-serviciilor-sociale-din-2022-aceste-sume-au-ramas-la-fel-in-timp-ce-costul-vietii-a-crescut-constant","status":"publish","type":"post","link":"https:\/\/247stiri.ro\/index.php\/2026\/01\/14\/ministrul-muncii-anunta-cresterea-alocatiei-de-hrana-si-a-finantarii-serviciilor-sociale-din-2022-aceste-sume-au-ramas-la-fel-in-timp-ce-costul-vietii-a-crescut-constant\/","title":{"rendered":"Ministrul Muncii anun\u021b\u0103 cre\u0219terea aloca\u021biei de hran\u0103 \u0219i a finan\u021b\u0103rii serviciilor sociale: \u201eDin 2022, aceste sume au r\u0103mas la fel, \u00een timp ce costul vie\u021bii a crescut constant\u201d"},"content":{"rendered":"<p>M\u0103sura reprezint\u0103 o majorare de peste 60% \u0219i vine dup\u0103 aproape patru ani \u00een care cuantumul aloca\u021biei nu a fost actualizat.<\/p>\n<p>\u201eS\u0103 actualiz\u0103m aloca\u021bia de hran\u0103 \u0219i standardele de cost pentru serviciile sociale este un gest de responsabilitate fa\u021b\u0103 de persoanele vulnerabile care depind zilnic de sprijinul statului. Din 2022, aceste sume au r\u0103mas la fel, \u00een timp ce costul vie\u021bii a crescut constant.\u201d, a declarat Florin Manole.<\/p>\n<p>Ministrul Municii a precizat c\u0103, pe l\u00e2ng\u0103 majorarea aloca\u021biei de hran\u0103, va cre\u0219te \u0219i finan\u021barea serviciilor sociale: cu 44% pentru serviciile destinate copiilor \u0219i cu 39% pentru persoanele adulte cu dizabilit\u0103\u021bi.<\/p>\n<p>\u201eSunt mai mult dec\u00e2t procente sau cifre \u00eentr-un tabel. Sunt mese mai bune, condi\u021bii mai decente, centre care r\u0103m\u00e2n deschise \u0219i servicii mai apropiate de standardele de demnitate pe care statul are obliga\u021bia moral\u0103 \u0219i legal\u0103 s\u0103 le asigure.\u201d, a subliniat Manole.<\/p>\n<p>M\u0103surile fac parte dintr-un pachet mai amplu de actualizare a standardelor de cost \u00een domeniul social, anun\u021bat de Ministerul Muncii la \u00eenceputul acestui an.<\/p>","protected":false},"excerpt":{"rendered":"<p>M\u0103sura reprezint\u0103 o majorare de peste 60% \u0219i vine dup\u0103 aproape patru ani \u00een care&hellip;<\/p>\n","protected":false},"author":0,"featured_media":58239,"comment_status":"open","ping_status":"open","sticky":false,"template":"","format":"standard","meta":{"footnotes":""},"categories":[2],"tags":[],"class_list":["post-58242","post","type-post","status-publish","format-standard","has-post-thumbnail","hentry","category-actual"],"_links":{"self":[{"href":"https:\/\/247stiri.ro\/index.php\/wp-json\/wp\/v2\/posts\/58242","targetHints":{"allow":["GET"]}}],"collection":[{"href":"https:\/\/247stiri.ro\/index.php\/wp-json\/wp\/v2\/posts"}],"about":[{"href":"https:\/\/247stiri.ro\/index.php\/wp-json\/wp\/v2\/types\/post"}],"replies":[{"embeddable":true,"href":"https:\/\/247stiri.ro\/index.php\/wp-json\/wp\/v2\/comments?post=58242"}],"version-history":[{"count":0,"href":"https:\/\/247stiri.ro\/index.php\/wp-json\/wp\/v2\/posts\/58242\/revisions"}],"wp:featuredmedia":[{"embeddable":true,"href":"https:\/\/247stiri.ro\/index.php\/wp-json\/wp\/v2\/media\/58239"}],"wp:attachment":[{"href":"https:\/\/247stiri.ro\/index.php\/wp-json\/wp\/v2\/media?parent=58242"}],"wp:term":[{"taxonomy":"category","embeddable":true,"href":"https:\/\/247stiri.ro\/index.php\/wp-json\/wp\/v2\/categories?post=58242"},{"taxonomy":"post_tag","embeddable":true,"href":"https:\/\/247stiri.ro\/index.php\/wp-json\/wp\/v2\/tags?post=58242"}],"curies":[{"name":"wp","href":"https:\/\/api.w.org\/{rel}","templated":true}]}}