{"id":58244,"date":"2026-01-14T18:44:59","date_gmt":"2026-01-14T18:44:59","guid":{"rendered":"https:\/\/247stiri.ro\/index.php\/2026\/01\/14\/zona-din-romania-care-nu-este-acoperita-de-tratatul-nato-seful-statului-major-trage-un-semnal-de-alarma\/"},"modified":"2026-01-14T18:44:59","modified_gmt":"2026-01-14T18:44:59","slug":"zona-din-romania-care-nu-este-acoperita-de-tratatul-nato-seful-statului-major-trage-un-semnal-de-alarma","status":"publish","type":"post","link":"https:\/\/247stiri.ro\/index.php\/2026\/01\/14\/zona-din-romania-care-nu-este-acoperita-de-tratatul-nato-seful-statului-major-trage-un-semnal-de-alarma\/","title":{"rendered":"Zona din Rom\u00e2nia care nu este acoperit\u0103 de tratatul NATO. \u0218eful Statului Major trage un semnal de alarm\u0103"},"content":{"rendered":"<p>\u201eSitua\u021bia \u00een Ucraina este destul de critic\u0103. S-a format aceast\u0103 coali\u021bie de voin\u021b\u0103, un efort condus de Marea Britanie \u0219i de Fran\u021ba, unde se discut\u0103 pe patru direc\u021bii: regenerarea armatei ucrainene, o for\u021b\u0103 terestr\u0103 dislocat\u0103 \u00een Ucraina pentru men\u021binerea p\u0103cii, deschiderea \u0219i p\u0103strarea unui spa\u021biu aerian permisiv \u0219i un spa\u021biu de securitate la Marea Neagr\u0103. \u00cen cazul Rom\u00e2niei exist\u0103 o hot\u0103r\u00e2re a CSAT care spune c\u0103 noi nu vom avea trupe \u00een Ucraina\u201d, a declarat generalul Vlad \u00eentr-o discu\u021bie cu jurnali\u0219tii la Ministerul Ap\u0103r\u0103rii Na\u0163ionale.<\/p>\n<p>Articolul 5 nu protejeaz\u0103 Zona economic\u0103 Exclusiv\u0103<\/p>\n<p>\u00cen ceea ce prive\u0219te securitatea M\u0103rii Negre, \u0219eful Armatei a subliniat c\u0103 Zona Economic\u0103 Exclusiv\u0103 a Rom\u00e2niei nu este acoperit\u0103 de Articolul 5 al Tratatului NATO, care stipuleaz\u0103 ap\u0103rarea colectiv\u0103 \u00een cazul unui atac asupra unui stat membru. \u201eZona Economic\u0103 Exclusiv\u0103 nu este acoperit\u0103 de Articolul 5 din NATO. Exist\u0103 riscul s\u0103 apar\u0103 interferen\u021be \u00een zona noastr\u0103\u201d, a explicat Gheorghi\u021b\u0103 Vlad, referindu-se la posibile survoluri sau prezen\u021be navale ale Federa\u021biei Ruse.<\/p>\n<p><a title=\"Armata Elvetiei confirma pentru Realitatea Plus: avionul presedintelui Nicusor Dan a fost escortat intr-o misiune de rutina, nu ca gest de multumire - DOCUMENT\" href=\"https:\/\/www.realitatea.net\/stiri\/actual\/armata-elvetiei-confirma-pentru-realitatea-plus-avionul-presedintelui-nicusor-dan-a-fost-escortat-intro-misiune-de-rutina-nu-ca-gest-de-multumire_6960f90fc81ae7530845e882\">Armata Elve\u021biei confirm\u0103 pentru Realitatea Plus: avionul pre\u0219edintelui Nicu\u0219or Dan a fost escortat \u00eentr-o misiune de rutin\u0103, nu ca gest de mul\u021bumire<\/a><\/p>\n<p>Obiective strategice monitorizate<\/p>\n<p>Generalul a men\u021bionat zona de exploatare Neptun Deep \u0219i alte \u021binte strategice, precum cablurile electrice \u0219i de comunica\u021bii submarine. Zona Economic\u0103 Exclusiv\u0103 a Rom\u00e2niei acoper\u0103 aproximativ 25.000 de kilometri p\u0103tra\u021bi, echivalentul aproape 10% din suprafa\u021ba \u021b\u0103rii, oferind drepturi exclusive de explorare \u0219i exploatare a resurselor naturale.<\/p>\n<p>\u201e\u00cengrijorarea noastr\u0103 este s\u0103 dezvolt\u0103m capacit\u0103\u021bile necesare pentru ap\u0103rarea infrastructurii critice. Nu vorbim doar de Neptun Deep, ci \u0219i de cabluri electrice sau de comunica\u021bii submarine\u201d, a afirmat generalul Vlad, ad\u0103ug\u00e2nd c\u0103 For\u021bele Navale au deja capacit\u0103\u021bi sporite, incluz\u00e2nd dou\u0103 nave v\u00e2n\u0103toare de mine achizi\u021bionate din Marea Britanie.<\/p>\n<p>\u00cent\u0103rirea prezen\u021bei la Marea Neagr\u0103<\/p>\n<p>Prezen\u021ba Rom\u00e2niei va fi consolidat\u0103 \u0219i prin integrarea \u00een serviciu, \u00een iunie, a unei corvete u\u0219oare achizi\u021bionate din Turcia. Nava nu este \u00eenc\u0103 echipat\u0103 cu sisteme de rachete antinav\u0103 \u0219i antiaeriene, dar dispune de senzori \u0219i artilerie care permit desf\u0103\u0219urarea misiunilor de supraveghere \u0219i patrulare \u00een Zona Economic\u0103 Exclusiv\u0103 a Rom\u00e2niei, conform declara\u021biilor reprezentan\u021bilor Ministerului Ap\u0103r\u0103rii.<\/p>\n<p><a title=\"In cat timp trebuie romanii din diaspora sa vina in tara, in caz de razboi. Noua lege a apararii, prevederi clare\" href=\"https:\/\/www.realitatea.net\/stiri\/actual\/in-cat-timp-trebuie-romanii-din-diaspora-sa-vina-in-tara-in-caz-de-razboi-noua-lege-a-apararii-prevederi-clare_69650536619ee42f396f77b6\">\u00cen c\u00e2t timp trebuie rom\u00e2nii din diaspora s\u0103 vin\u0103 \u00een \u021bar\u0103, \u00een caz de r\u0103zboi. Noua lege a ap\u0103r\u0103rii, prevederi clare<\/a><\/p>","protected":false},"excerpt":{"rendered":"<p>\u201eSitua\u021bia \u00een Ucraina este destul de critic\u0103. S-a format aceast\u0103 coali\u021bie de voin\u021b\u0103, un efort&hellip;<\/p>\n","protected":false},"author":0,"featured_media":58245,"comment_status":"open","ping_status":"open","sticky":false,"template":"","format":"standard","meta":{"footnotes":""},"categories":[2],"tags":[],"class_list":["post-58244","post","type-post","status-publish","format-standard","has-post-thumbnail","hentry","category-actual"],"_links":{"self":[{"href":"https:\/\/247stiri.ro\/index.php\/wp-json\/wp\/v2\/posts\/58244","targetHints":{"allow":["GET"]}}],"collection":[{"href":"https:\/\/247stiri.ro\/index.php\/wp-json\/wp\/v2\/posts"}],"about":[{"href":"https:\/\/247stiri.ro\/index.php\/wp-json\/wp\/v2\/types\/post"}],"replies":[{"embeddable":true,"href":"https:\/\/247stiri.ro\/index.php\/wp-json\/wp\/v2\/comments?post=58244"}],"version-history":[{"count":0,"href":"https:\/\/247stiri.ro\/index.php\/wp-json\/wp\/v2\/posts\/58244\/revisions"}],"wp:featuredmedia":[{"embeddable":true,"href":"https:\/\/247stiri.ro\/index.php\/wp-json\/wp\/v2\/media\/58245"}],"wp:attachment":[{"href":"https:\/\/247stiri.ro\/index.php\/wp-json\/wp\/v2\/media?parent=58244"}],"wp:term":[{"taxonomy":"category","embeddable":true,"href":"https:\/\/247stiri.ro\/index.php\/wp-json\/wp\/v2\/categories?post=58244"},{"taxonomy":"post_tag","embeddable":true,"href":"https:\/\/247stiri.ro\/index.php\/wp-json\/wp\/v2\/tags?post=58244"}],"curies":[{"name":"wp","href":"https:\/\/api.w.org\/{rel}","templated":true}]}}