{"id":58248,"date":"2026-01-14T19:44:47","date_gmt":"2026-01-14T19:44:47","guid":{"rendered":"https:\/\/247stiri.ro\/index.php\/2026\/01\/14\/expert-sua-ar-putea-bombarda-iranul-in-urmatoarele-24-de-ore-avionul-premierului-israelian-a-survolat-zona-de-conflict\/"},"modified":"2026-01-14T19:44:47","modified_gmt":"2026-01-14T19:44:47","slug":"expert-sua-ar-putea-bombarda-iranul-in-urmatoarele-24-de-ore-avionul-premierului-israelian-a-survolat-zona-de-conflict","status":"publish","type":"post","link":"https:\/\/247stiri.ro\/index.php\/2026\/01\/14\/expert-sua-ar-putea-bombarda-iranul-in-urmatoarele-24-de-ore-avionul-premierului-israelian-a-survolat-zona-de-conflict\/","title":{"rendered":"Expert: SUA ar putea bombarda Iranul \u00een urm\u0103toarele 24 de ore. Avionul premierului israelian a survolat zona de conflict"},"content":{"rendered":"<p>Un scenariu de interven\u021bie militar\u0103 american\u0103 \u00een Iran este descris de oficiali occidentali drept iminent, exist\u00e2nd indicii c\u0103 o eventual\u0103 ac\u021biune ar putea fi declan\u0219at\u0103 \u00een intervalul urm\u0103toarelor 24 de ore, pe fondul unei agrav\u0103ri rapide a situa\u021biei din Orientul Mijlociu.<\/p>\n<p>Informa\u021biile presei americane, europene \u0219i israeliene indic\u0103 desf\u0103\u0219urarea unor preg\u0103tiri concrete, \u00een timp ce autorit\u0103\u021bile de la Washington au ini\u021biat evacuarea personalului dintr-o baz\u0103 militar\u0103 de prim rang din regiune. \u00cen paralel, Teheranul a transmis mesaje ferme c\u0103tre statele vecine, avertiz\u00e2nd c\u0103 instala\u021biile militare americane din zon\u0103 vor deveni \u021binte dac\u0103 pre\u0219edintele Donald Trump va ordona un atac.<\/p>\n<p>Presiuni externe \u0219i control intern la Teheran<\/p>\n<p>Contextul tensionat este amplificat de eforturile conducerii iraniene de a \u00een\u0103bu\u0219i ceea ce este descris drept cea mai grav\u0103 revolt\u0103 intern\u0103 din istoria Republicii Islamice. \u00cen acela\u0219i timp, autorit\u0103\u021bile de la Teheran \u00eencearc\u0103 s\u0103 contracareze declara\u021biile repetate ale lui Donald Trump, care a evocat posibilitatea unei interven\u021bii \u00een sprijinul protestatarilor anti-guvernamentali.<\/p>\n<p>Un oficial american a declarat miercuri c\u0103 diminuarea efectivelor militare reprezint\u0103 o m\u0103sur\u0103 preventiv\u0103, adoptat\u0103 \u00een urma unor avertismente formulate de un oficial iranian de rang \u00eenalt.<\/p>\n<p><a title='Iranul acuza SUA ca pregatesc o interventie militara sub pretextul haosului de pe strazi. Trump: ,,Ajutorul este pe drum, continuati sa luptati\"' href=\"https:\/\/www.realitatea.net\/stiri\/extern\/iranul-acuza-sua-ca-pregateste-o-interventie-militara-sub-pretextul-haosului-de-pe-strazi-trump-ajutorul-este-pe-drum-continuati-sa-luptati_69673a93b1c5026892224e02\">Iranul acuz\u0103 SUA c\u0103 preg\u0103tesc o interven\u021bie militar\u0103 sub pretextul haosului de pe str\u0103zi. Trump: \u201eAjutorul este pe drum, continua\u021bi s\u0103 lupta\u021bi\u201d<\/a><\/p>\n<p>Surse occidentale: decizie de principiu, moment incert<\/p>\n<p>Doi oficiali europeni au afirmat c\u0103 probabilitatea unei interven\u021bii militare este \u00een cre\u0219tere, unul dintre ace\u0219tia indic\u00e2nd c\u0103 ac\u021biunea ar putea fi declan\u0219at\u0103 \u00een urm\u0103toarele 24 de ore. Dinspre Israel, un oficial a declarat c\u0103 Donald Trump ar fi adoptat deja o decizie de principiu \u00een privin\u021ba interven\u021biei, f\u0103r\u0103 ca momentul exact sau amploarea opera\u021biunii s\u0103 fie stabilite.<\/p>\n<p>\u201eToate semnalele indic\u0103 faptul c\u0103 un atac al SUA este iminent, dar acesta este \u0219i modul \u00een care se comport\u0103 aceast\u0103 administra\u021bie pentru a-i \u021bine pe to\u021bi \u00een alert\u0103. Imprevizibilitatea face parte din strategie\u201d, a afirmat miercuri un oficial militar occidental pentru Reuters.<\/p>\n<p>Evacu\u0103ri par\u021biale \u0219i mi\u0219c\u0103ri \u00een Qatar<\/p>\n<p>Autorit\u0103\u021bile din Qatar au confirmat c\u0103 retragerile de personal de la baza aerian\u0103 Al Udeid, cea mai mare baz\u0103 american\u0103 din Orientul Mijlociu, sunt \u201e\u00een curs\u201d, ca reac\u021bie la tensiunile regionale. Diploma\u021bi au precizat c\u0103 anumite cadre au primit instruc\u021biuni s\u0103 p\u0103r\u0103seasc\u0103 baza, f\u0103r\u0103 a fi observate \u00eens\u0103 evacu\u0103ri de amploarea celor desf\u0103\u0219urate \u00eenaintea atacului iranian din anul precedent.<\/p>\n<p>\u00cen acela\u0219i timp, Marea Britanie a decis retragerea unei p\u0103r\u021bi din personalul s\u0103u de la o baz\u0103 aerian\u0103 din Qatar, \u00een eventualitatea unor lovituri americane. Ministerul britanic al ap\u0103r\u0103rii nu a oferit un comentariu imediat.<\/p>\n<p>Reprimare violent\u0103 \u0219i bilan\u021buri contradictorii<\/p>\n<p>Donald Trump a amenin\u021bat \u00een repetate r\u00e2nduri cu interven\u021bia \u00een sprijinul protestatarilor din Iran, unde mii de persoane ar fi murit \u00een timpul reprim\u0103rii manifesta\u021biilor \u00eempotriva regimului clerical. At\u00e2t autorit\u0103\u021bile iraniene, c\u00e2t \u0219i guvernele occidentale descriu actualele tulbur\u0103ri drept cele mai violente de la Revolu\u021bia Islamic\u0103 din 1979.<\/p>\n<p>Un oficial iranian a indicat un bilan\u021b de peste 2.000 de mor\u021bi, \u00een timp ce organiza\u021biile pentru drepturile omului vorbesc despre peste 2.600 de victime. \u0218eful Statului Major al for\u021belor armate iraniene, Abdolrahim Mousavi, a afirmat c\u0103 Iranul \u201enu s-a mai confruntat niciodat\u0103 cu un asemenea nivel de distrugere\u201d, pun\u00e2nd responsabilitatea pe seama \u201edu\u0219manilor externi\u201d. Ministrul francez de externe, Jean-No\u00ebl Barrot, a caracterizat situa\u021bia drept \u201ecea mai violent\u0103 represiune din istoria contemporan\u0103 a Iranului\u201d.<\/p>\n<p>\u00centr-un interviu pentru CBS News, Donald Trump a avertizat c\u0103 va adopta \u201em\u0103suri foarte dure\u201d \u00een cazul execut\u0103rii protestatarilor \u0219i a \u00eencurajat popula\u021bia s\u0103 continue demonstra\u021biile, afirm\u00e2nd c\u0103 \u201eajutorul este pe drum\u201d.<\/p>\n<p>Avertismente regionale \u0219i canale diplomatice blocate<\/p>\n<p>Un oficial iranian, sub protec\u021bia anonimatului, a declarat pentru jurnali\u0219tii americani c\u0103 Teheranul a solicitat alia\u021bilor regionali ai Statelor Unite, inclusiv Arabiei Saudite, Emiratelor Arabe Unite \u0219i Turciei, s\u0103 \u00eempiedice o interven\u021bie american\u0103, avertiz\u00e2nd c\u0103 bazele SUA din aceste state vor fi atacate \u00een cazul declan\u0219\u0103rii unei lovituri.<\/p>\n<p>Potrivit aceleia\u0219i surse, contactele directe dintre ministrul iranian de externe Abbas Araqchi \u0219i emisarul special american Steve Witkoff au fost suspendate.<\/p>\n<p>Dispozitiv militar extins \u00een regiune<\/p>\n<p>Statele Unite dispun de for\u021be militare amplasate \u00een \u00eentreaga zon\u0103, incluz\u00e2nd cartierul general avansat al Comandamentului Central de la Al Udeid, \u00een Qatar, precum \u0219i sediul Flotei a Cincea a Marinei SUA din Bahrain.<\/p>\n<p>Accesul la informa\u021bii din interiorul Iranului r\u0103m\u00e2ne limitat, ca urmare a unei pene de internet. Organiza\u021bia HRANA, cu sediul \u00een SUA, a confirmat p\u00e2n\u0103 \u00een prezent moartea a 2.403 protestatari \u0219i a 147 de persoane asociate guvernului, al\u0103turi de peste 18.000 de arest\u0103ri.<\/p>\n<p>Presiune economic\u0103 \u0219i stabilitate for\u021bat\u0103<\/p>\n<p>Criza actual\u0103 survine \u00eentr-un moment de fragilitate pentru autorit\u0103\u021bile de la Teheran, dup\u0103 bombardamentele israeliene sprijinite de SUA din anul anterior \u0219i dup\u0103 reintroducerea sanc\u021biunilor ONU legate de programul nuclear iranian, m\u0103suri care au accentuat dificult\u0103\u021bile economice.<\/p>\n<p>De\u0219i protestele au surprins conducerea, un oficial occidental a afirmat c\u0103 regimul nu d\u0103 semne de pr\u0103bu\u0219ire, aparatul de securitate r\u0103m\u00e2n\u00e2nd func\u021bional. Televiziunea de stat iranian\u0103 a difuzat imagini cu funeralii de amploare, prezentate ca dovad\u0103 a sprijinului popular.<\/p>\n<p><a title='Marturie socanta despre iadul din Iran: ,,Ii ucid pe toti. Omoara copii pe strazi!\". Un tanar a fugit in Turcia si a rupt tacerea despre evenimentele teribile' href=\"https:\/\/www.realitatea.net\/stiri\/extern\/marturie-socanta-despre-iadul-din-iran-ii-ucid-pe-toti-omoara-copii-pe-strazi-un-tanar-a-fugit-in-turcia-si-a-rupt-tacerea-despre-evenimentele-teribile_69679479dc63e750e12c9962\">M\u0103rturie \u0219ocant\u0103 despre iadul din Iran: \u201e\u00cei ucid pe to\u021bi. Omoar\u0103 copii pe str\u0103zi!\u201d. Un t\u00e2n\u0103r a fugit \u00een Turcia \u0219i a rupt t\u0103cerea despre evenimentele teribile<\/a><\/p>\n<p>Pre\u0219edintele Masoud Pezeshkian a declarat c\u0103, at\u00e2t timp c\u00e2t guvernul beneficiaz\u0103 de sus\u021binere public\u0103, \u201etoate eforturile du\u0219manilor vor e\u0219ua\u201d.<\/p>\n<p>Zborul \u201eWing of Zion\u201d \u0219i semnalele din Israel<\/p>\n<p>Aeronava oficial\u0103 a premierului israelian Benjamin Netanyahu, cunoscut\u0103 sub denumirea \u201eWing of Zion\u201d, a decolat din Israel \u0219i a survolat Marea Mediteran\u0103, aliment\u00e2nd specula\u021bii legate de o posibil\u0103 ac\u021biune militar\u0103 \u00eempotriva Iranului. Avionul a ajuns p\u00e2n\u0103 \u00een Creta, dup\u0103 care s-a \u00eentors \u00een Israel.<\/p>\n<p>Autorit\u0103\u021bile israeliene au respins leg\u0103tura dintre zbor \u0219i o opera\u021biune militar\u0103, sus\u021bin\u00e2nd c\u0103 acesta face parte din activit\u0103\u021bi curente. \u00cen trecut \u00eens\u0103, aceea\u0219i aeronav\u0103 a p\u0103r\u0103sit spa\u021biul aerian israelian \u00eenaintea unor atacuri asupra Iranului sau a unor represalii anticipate.<\/p>\n<p>Zborul are loc pe fondul evacu\u0103rii personalului american din mai multe baze regionale. Baza Al Udeid, care g\u0103zduie\u0219te aproximativ 10.000 de militari americani, a fost vizat\u0103 anul trecut de un atac iranian, ca reac\u021bie la lovituri americane asupra facilit\u0103\u021bilor nucleare iraniene.<\/p>\n<p>Execu\u021bii anun\u021bate \u0219i apeluri publice<\/p>\n<p>Criza drepturilor omului continu\u0103 s\u0103 se agraveze. Membrii familiei unui t\u00e2n\u0103r condamnat la moarte pentru implicarea \u00een proteste au lansat un apel public c\u0103tre Donald Trump pentru interven\u021bie.<\/p>\n<p>Erfan Soltani, \u00een v\u00e2rst\u0103 de 26 de ani, ar urma s\u0103 fie executat, potrivit organiza\u021biilor pentru drepturile omului. Rudele sale au protestat \u00een fa\u021ba \u00eenchisorii Ghezel Hesar, locul unde acesta este de\u021binut.<\/p>\n<p>\u0218efa sistemului judiciar iranian a anun\u021bat desf\u0103\u0219urarea unor procese accelerate \u0219i aplicarea unor pedepse exemplare pentru cei acuza\u021bi de violen\u021b\u0103, \u00een timp ce activi\u0219tii afirm\u0103 c\u0103 acuza\u021biile sunt fabricate pentru a justifica execu\u021biile.<\/p>\n<p>Organiza\u021biile pentru drepturile omului sus\u021bin c\u0103 bilan\u021bul victimelor din actualele proteste nu are precedent \u00een ultimele decenii, f\u0103c\u00e2nd trimitere la violen\u021bele care au precedat Revolu\u021bia Islamic\u0103 din 1979.<\/p>\n<p><a title='Iran ameninta ca va lovi bazele americane in cazul unui atac: ,,Poarta responsabilitatea juridica directa a civililor morti\"' href=\"https:\/\/www.realitatea.net\/stiri\/extern\/iran-ameninta-ca-va-lovi-bazele-americane-in-cazul-unui-atac-poarta-responsabilitatea-juridica-directa-a-civililor-morti_6967a3f12947296f711619c2\">Iran amenin\u021b\u0103 c\u0103 va lovi bazele americane \u00een cazul unui atac: \u201ePoart\u0103 responsabilitatea juridic\u0103 direct\u0103 a civililor mor\u021bi\u201d<\/a><\/p>","protected":false},"excerpt":{"rendered":"<p>Un scenariu de interven\u021bie militar\u0103 american\u0103 \u00een Iran este descris de oficiali occidentali drept iminent,&hellip;<\/p>\n","protected":false},"author":0,"featured_media":58247,"comment_status":"open","ping_status":"open","sticky":false,"template":"","format":"standard","meta":{"footnotes":""},"categories":[2],"tags":[],"class_list":["post-58248","post","type-post","status-publish","format-standard","has-post-thumbnail","hentry","category-actual"],"_links":{"self":[{"href":"https:\/\/247stiri.ro\/index.php\/wp-json\/wp\/v2\/posts\/58248","targetHints":{"allow":["GET"]}}],"collection":[{"href":"https:\/\/247stiri.ro\/index.php\/wp-json\/wp\/v2\/posts"}],"about":[{"href":"https:\/\/247stiri.ro\/index.php\/wp-json\/wp\/v2\/types\/post"}],"replies":[{"embeddable":true,"href":"https:\/\/247stiri.ro\/index.php\/wp-json\/wp\/v2\/comments?post=58248"}],"version-history":[{"count":0,"href":"https:\/\/247stiri.ro\/index.php\/wp-json\/wp\/v2\/posts\/58248\/revisions"}],"wp:featuredmedia":[{"embeddable":true,"href":"https:\/\/247stiri.ro\/index.php\/wp-json\/wp\/v2\/media\/58247"}],"wp:attachment":[{"href":"https:\/\/247stiri.ro\/index.php\/wp-json\/wp\/v2\/media?parent=58248"}],"wp:term":[{"taxonomy":"category","embeddable":true,"href":"https:\/\/247stiri.ro\/index.php\/wp-json\/wp\/v2\/categories?post=58248"},{"taxonomy":"post_tag","embeddable":true,"href":"https:\/\/247stiri.ro\/index.php\/wp-json\/wp\/v2\/tags?post=58248"}],"curies":[{"name":"wp","href":"https:\/\/api.w.org\/{rel}","templated":true}]}}