{"id":58249,"date":"2026-01-14T19:44:48","date_gmt":"2026-01-14T19:44:48","guid":{"rendered":"https:\/\/247stiri.ro\/index.php\/2026\/01\/14\/tanar-urmarit-international-pentru-crima-in-franta-capturat-de-politisti-intr-un-mall-din-cluj\/"},"modified":"2026-01-14T19:44:48","modified_gmt":"2026-01-14T19:44:48","slug":"tanar-urmarit-international-pentru-crima-in-franta-capturat-de-politisti-intr-un-mall-din-cluj","status":"publish","type":"post","link":"https:\/\/247stiri.ro\/index.php\/2026\/01\/14\/tanar-urmarit-international-pentru-crima-in-franta-capturat-de-politisti-intr-un-mall-din-cluj\/","title":{"rendered":"T\u00e2n\u0103r urm\u0103rit interna\u021bional pentru crim\u0103 \u00een Fran\u021ba, capturat de poli\u021bi\u0219ti \u00eentr-un mall din Cluj"},"content":{"rendered":"<p>Opera\u021biunea a fost coordonat\u0103 de poli\u021bi\u0219tii din cadrul Inspectoratului de Poli\u021bie Jude\u021bean Cluj, \u00een urma unor informa\u021bii operative.<\/p>\n<p>Potrivit IPJ Cluj, mai multe echipe de poli\u021bi\u0219ti au efectuat verific\u0103ri pe teren, inclusiv controale ale mijloacelor de transport, dup\u0103 ce au primit date din care rezulta c\u0103 b\u0103rbatul s-ar afla \u00een municipiu.<\/p>\n<p>Persoana c\u0103utat\u0103 a fost reperat\u0103 \u00een cursul dimine\u021bii \u00eentr-un mall din Cluj-Napoca.<\/p>\n<p>\u201eAcesta a fost recunoscut pe baza semnalmentelor \u0219i a fizionomiei. T\u00e2n\u0103rul de 23 de ani a fost condus \u00eentr-o \u00eenc\u0103pere a centrului comercial, unde i-a fost efectuat controlul corporal, ulterior fiind transportat la sediul Inspectoratului\u201d, a transmis, miercuri seara, IPJ Cluj.<\/p>\n<p>Verific\u0103rile \u00een bazele de date ale Poli\u021biei Rom\u00e2ne au confirmat c\u0103 pe numele acestuia era emis un mandat european de arestare de c\u0103tre autorit\u0103\u021bile judiciare din Fran\u021ba, pentru infrac\u021biunea de omor.<\/p>\n<p>Cazul a fost preluat de Serviciul de Investiga\u021bii Criminale din cadrul IPJ Cluj, care a ridicat \u0219i bunurile g\u0103site asupra t\u00e2n\u0103rului. Acesta urmeaz\u0103 s\u0103 fie prezentat Parchetului de pe l\u00e2ng\u0103 Curtea de Apel Cluj, \u00een vederea dispunerii m\u0103surilor legale pentru punerea \u00een executare a mandatului european de arestare.<\/p>","protected":false},"excerpt":{"rendered":"<p>Opera\u021biunea a fost coordonat\u0103 de poli\u021bi\u0219tii din cadrul Inspectoratului de Poli\u021bie Jude\u021bean Cluj, \u00een urma&hellip;<\/p>\n","protected":false},"author":0,"featured_media":58250,"comment_status":"open","ping_status":"open","sticky":false,"template":"","format":"standard","meta":{"footnotes":""},"categories":[2],"tags":[],"class_list":["post-58249","post","type-post","status-publish","format-standard","has-post-thumbnail","hentry","category-actual"],"_links":{"self":[{"href":"https:\/\/247stiri.ro\/index.php\/wp-json\/wp\/v2\/posts\/58249","targetHints":{"allow":["GET"]}}],"collection":[{"href":"https:\/\/247stiri.ro\/index.php\/wp-json\/wp\/v2\/posts"}],"about":[{"href":"https:\/\/247stiri.ro\/index.php\/wp-json\/wp\/v2\/types\/post"}],"replies":[{"embeddable":true,"href":"https:\/\/247stiri.ro\/index.php\/wp-json\/wp\/v2\/comments?post=58249"}],"version-history":[{"count":0,"href":"https:\/\/247stiri.ro\/index.php\/wp-json\/wp\/v2\/posts\/58249\/revisions"}],"wp:featuredmedia":[{"embeddable":true,"href":"https:\/\/247stiri.ro\/index.php\/wp-json\/wp\/v2\/media\/58250"}],"wp:attachment":[{"href":"https:\/\/247stiri.ro\/index.php\/wp-json\/wp\/v2\/media?parent=58249"}],"wp:term":[{"taxonomy":"category","embeddable":true,"href":"https:\/\/247stiri.ro\/index.php\/wp-json\/wp\/v2\/categories?post=58249"},{"taxonomy":"post_tag","embeddable":true,"href":"https:\/\/247stiri.ro\/index.php\/wp-json\/wp\/v2\/tags?post=58249"}],"curies":[{"name":"wp","href":"https:\/\/api.w.org\/{rel}","templated":true}]}}