{"id":58259,"date":"2026-01-14T20:45:06","date_gmt":"2026-01-14T20:45:06","guid":{"rendered":"https:\/\/247stiri.ro\/index.php\/2026\/01\/14\/sectorul-energetic-in-stare-de-urgenta-zelenski-impune-masuri-speciale-pentru-evitarea-colapsului\/"},"modified":"2026-01-14T20:45:06","modified_gmt":"2026-01-14T20:45:06","slug":"sectorul-energetic-in-stare-de-urgenta-zelenski-impune-masuri-speciale-pentru-evitarea-colapsului","status":"publish","type":"post","link":"https:\/\/247stiri.ro\/index.php\/2026\/01\/14\/sectorul-energetic-in-stare-de-urgenta-zelenski-impune-masuri-speciale-pentru-evitarea-colapsului\/","title":{"rendered":"Sectorul energetic, \u00een stare de urgen\u021b\u0103. Zelenski impune m\u0103suri speciale pentru evitarea colapsului"},"content":{"rendered":"<p>\u201eConsecin\u021bele atacurilor ruse\u0219ti \u0219i ale \u00eenr\u0103ut\u0103\u021birii condi\u021biilor meteorologice sunt grave\u201d, a transmis Zelenski \u00een mesajul s\u0103u zilnic publicat pe re\u021belele de socializare.<\/p>\n<p>Guvernul Ucrainei a primit sarcina de a coordona sprijinul pentru popula\u021bie, iar pre\u0219edintele a subliniat c\u0103 autorit\u0103\u021bile vor cere ajutor suplimentar din partea partenerilor occidentali, inclusiv echipamente pentru repara\u021biile rapide ale re\u021belei energetice, conform AFP.<\/p>\n<p>\u201eCartier general\u201d pentru gestionarea crizei<\/p>\n<p>Pentru a coordona interven\u021biile, va fi creat un \u201ecartier general permanent de coordonare\u201d care va supraveghea eforturile de restabilire a infrastructurii din capital\u0103. Kievul a fost grav afectat de bombardamentele ruse\u0219ti din ultima s\u0103pt\u0103m\u00e2n\u0103, ce au avariat re\u021beaua energetic\u0103 principal\u0103.<\/p>\n<p>Klitschko cere evacuarea temporar\u0103 a Kievului<\/p>\n<p>Primarul Kievului, Vitali Klitschko, a declarat c\u0103 jum\u0103tate din ora\u0219 a r\u0103mas f\u0103r\u0103 \u00eenc\u0103lzire, \u00eendemn\u00e2nd locuitorii care pot s\u0103 p\u0103r\u0103seasc\u0103 temporar capitala p\u00e2n\u0103 la stabilizarea situa\u021biei. Autorit\u0103\u021bile au reu\u0219it \u00eentre timp s\u0103 restabileasc\u0103 func\u021bionarea majorit\u0103\u021bii re\u021belelor, \u00eens\u0103 infrastructura r\u0103m\u00e2ne vulnerabil\u0103 la noi atacuri.<\/p>\n<p>Alte ora\u0219e, \u00een dificultate<\/p>\n<p>Probleme similare se \u00eenregistreaz\u0103 \u0219i \u00een alte ora\u0219e ucrainene, printre care Dnipro \u0219i Odesa, unde \u00eentreruperile de curent s-au intensificat \u00een ultimele s\u0103pt\u0103m\u00e2ni. Autorit\u0103\u021bile locale se confrunt\u0103 cu dificult\u0103\u021bi \u00een asigurarea \u00eenc\u0103lzirii \u0219i iluminatului public.<\/p>\n<p>Atacuri reciproce asupra infrastructurii<\/p>\n<p>Rusia continu\u0103 atacurile asupra centralelor electrice, instala\u021biilor de gaze \u0219i infrastructurii feroviare ucrainene, \u00een timp ce Ucraina riposteaz\u0103 viz\u00e2nd rafin\u0103rii \u0219i instala\u021bii energetice din Rusia.<\/p>\n<p>Zelenski a f\u0103cut un nou apel la comunitatea interna\u021bional\u0103 pentru sprijin urgent, men\u021bion\u00e2nd c\u0103 Ucraina va intensifica importurile de energie electric\u0103 pentru a acoperi deficitul \u0219i a restabili serviciile publice esen\u021biale.<\/p>","protected":false},"excerpt":{"rendered":"<p>\u201eConsecin\u021bele atacurilor ruse\u0219ti \u0219i ale \u00eenr\u0103ut\u0103\u021birii condi\u021biilor meteorologice sunt grave\u201d, a transmis Zelenski \u00een mesajul&hellip;<\/p>\n","protected":false},"author":0,"featured_media":58256,"comment_status":"open","ping_status":"open","sticky":false,"template":"","format":"standard","meta":{"footnotes":""},"categories":[2],"tags":[],"class_list":["post-58259","post","type-post","status-publish","format-standard","has-post-thumbnail","hentry","category-actual"],"_links":{"self":[{"href":"https:\/\/247stiri.ro\/index.php\/wp-json\/wp\/v2\/posts\/58259","targetHints":{"allow":["GET"]}}],"collection":[{"href":"https:\/\/247stiri.ro\/index.php\/wp-json\/wp\/v2\/posts"}],"about":[{"href":"https:\/\/247stiri.ro\/index.php\/wp-json\/wp\/v2\/types\/post"}],"replies":[{"embeddable":true,"href":"https:\/\/247stiri.ro\/index.php\/wp-json\/wp\/v2\/comments?post=58259"}],"version-history":[{"count":0,"href":"https:\/\/247stiri.ro\/index.php\/wp-json\/wp\/v2\/posts\/58259\/revisions"}],"wp:featuredmedia":[{"embeddable":true,"href":"https:\/\/247stiri.ro\/index.php\/wp-json\/wp\/v2\/media\/58256"}],"wp:attachment":[{"href":"https:\/\/247stiri.ro\/index.php\/wp-json\/wp\/v2\/media?parent=58259"}],"wp:term":[{"taxonomy":"category","embeddable":true,"href":"https:\/\/247stiri.ro\/index.php\/wp-json\/wp\/v2\/categories?post=58259"},{"taxonomy":"post_tag","embeddable":true,"href":"https:\/\/247stiri.ro\/index.php\/wp-json\/wp\/v2\/tags?post=58259"}],"curies":[{"name":"wp","href":"https:\/\/api.w.org\/{rel}","templated":true}]}}