{"id":58260,"date":"2026-01-14T20:45:06","date_gmt":"2026-01-14T20:45:06","guid":{"rendered":"https:\/\/247stiri.ro\/index.php\/2026\/01\/14\/anca-alexandrescu-demonteaza-minciunile-rezistilor-cei-care-urla-ca-avem-datorii-sunt-de-fapt-fostii-angajati-ai-realitatii-plus-in-frunte-cu-emilia-sercan-ei-au-furat-televiziunea-atunc\/"},"modified":"2026-01-14T20:45:06","modified_gmt":"2026-01-14T20:45:06","slug":"anca-alexandrescu-demonteaza-minciunile-rezistilor-cei-care-urla-ca-avem-datorii-sunt-de-fapt-fostii-angajati-ai-realitatii-plus-in-frunte-cu-emilia-sercan-ei-au-furat-televiziunea-atunc","status":"publish","type":"post","link":"https:\/\/247stiri.ro\/index.php\/2026\/01\/14\/anca-alexandrescu-demonteaza-minciunile-rezistilor-cei-care-urla-ca-avem-datorii-sunt-de-fapt-fostii-angajati-ai-realitatii-plus-in-frunte-cu-emilia-sercan-ei-au-furat-televiziunea-atunc\/","title":{"rendered":"Anca Alexandrescu demonteaz\u0103 minciunile rezi\u0219tilor: \u201eCei care url\u0103 c\u0103 avem datorii sunt, de fapt, fo\u0219tii angaja\u021bi ai Realit\u0103\u021bii Plus, \u00een frunte cu Emilia \u0218ercan. Ei au furat televiziunea atunci\u201d"},"content":{"rendered":"<p>\u201eMai apar din c\u00e2nd \u00een c\u00e2nd pe pagina mea din \u0103\u0219tia care sunt n\u0103scu\u021bi la 14 ani. Nu mai pot cu ei, m-au \u00eennebunit cu datoriile Realitatea. O s\u0103 v\u0103 ar\u0103t \u00een seara asta, au f\u0103cut colegii mei un material. V\u0103 invit pe to\u021bi cei care rostogoli\u021bi aceast\u0103 minciun\u0103 s\u0103 veni\u021bi aici, la sediul Realitatea, s\u0103 v\u0103 ar\u0103t\u0103m documentele. De altfel, ele sunt publice, le pute\u021bi consulta \u00een instan\u021b\u0103. Datoriile nu sunt f\u0103cute de actualii patroni, nu sunt f\u0103cute de actualii angaja\u021bi.<\/p>\n<p>Cei care url\u0103 c\u0103 avem datorii sunt, de fapt, fo\u0219tii angaja\u021bi ai Realit\u0103\u021bii Plus, \u00een frunte cu Emilia \u0218ercan, fix atunci a fost angajat\u0103 doamna respectiv\u0103. \u0218i o parte din ei care sunt la fugarul Ghi\u021b\u0103, la emisiune, care au furat televiziunea atunci, asta s-a \u00eent\u00e2mplat. O s\u0103 v\u0103 ar\u0103t ca s\u0103 v\u0103 potoli\u021bi odat\u0103 cu povestea asta. Foarte bine, s\u0103 execute ANAF, statul rom\u00e2n, s\u0103 le bate\u021bi la u\u0219\u0103 celor care au f\u0103cut acele datorii, \u00een frunte cu jurnali\u0219tii care au \u00eencasat atunci c\u0103r\u0103mizi de bani. Mul\u021bi dintre ei care acum sunt pro-europeni \u0219i cu NATO, to\u021bi au trecut pe aici exact \u00een perioada c\u00e2nd s-au f\u0103cut datoriile. Noi nu avem niciun fel de datorii. Cine mai scrie pe pagina mea asta prime\u0219te block. \u0218i \u0103\u0219tia care \u00eemi spun \u201emar\u0219\u201d, originalule, unul singur, nu m\u0103 mai plagia\u021bi, doar la mine sun\u0103 frumos lucrul \u0103sta. \u0218i v\u0103 spun la mine pe pagin\u0103 p\u00e2n\u0103 obosi\u021bi. M-am s\u0103turat de voi, cum m-am s\u0103turat \u0219i de a\u0219a-zi\u0219ii suverani\u0219ti care doar dezbin\u0103, care se ceart\u0103 \u00eentre ei c\u0103 de ce vin la Alexandreasca. La mine la emisiune vine cine vreau eu, s\u0103 fie clar. Nu \u00eemi impune nimeni pe cine s\u0103 chem \u0219i pe cine s\u0103 nu mai chem.<\/p>\n<p>Cei care au dovedit c\u0103 sunt one\u0219ti, am f\u0103cut \u0219i eu gre\u0219eli, ca orice om, lumea le-a v\u0103zut, trecem mai departe, nu ne pierdem vremea, unii au r\u0103mas bloca\u021bi. Au o obsesie, sunt ni\u0219te doamne, m-a \u0219i trimis ast\u0103zi cineva, care nu au altceva de f\u0103cut dec\u00e2t s\u0103 scrie \u00een fiecare zi despre mine, \u00eemi monitorizeaz\u0103 emisiunea, \u00eemi fac publicitate.<\/p>\n<p>Dar cei care crede\u021bi c\u0103 face\u021bi un bine domnului C\u0103lin Georgescu \u00eenjur\u00e2nd suverani\u0219tii care ies \u00een strad\u0103, cei care vin \u0219i spun c\u0103 le-am zis \u00een decembrie 2024 s\u0103 nu mai ie\u0219im, da, v-am spus, \u0219i v-am \u0219i explicat de ce. Asta nu \u00eenseamn\u0103 s\u0103 sta\u021bi toat\u0103 via\u021ba \u00een cas\u0103. V\u0103 tot spunem: ie\u0219i\u021bi, e dreptul vostru constitu\u021bional s\u0103 protesta\u021bi. Dac\u0103 nu ie\u0219i\u021bi, \u00eenseamn\u0103 c\u0103 v\u0103 e bine. Desigur, cei \u00een v\u00e2rst\u0103 nu pot ie\u0219i, dar al\u021bii prefer\u0103 s\u0103 comenteze pe Facebook: de ce nu \u00eei ar\u0103t pe unii la televizor, dar de ce nu vine nu \u0219tiu cine \u00een platou? At\u00e2t pot eu s\u0103 fac, face\u021bi \u0219i voi m\u0103car un sfert din c\u00e2t ne str\u0103duim eu \u0219i colegii mei \u0219i mul\u021bi al\u021bi jurnali\u0219ti suverani\u0219ti care \u00ee\u0219i iubesc \u021bara s\u0103 fac\u0103.<\/p>\n<p>Facem \u0219i noi c\u00e2t putem. \u0218i uite c\u0103 sunt singura care vorbe\u0219te despre studiile lui Nicu\u0219or Dan. Fo\u0219ti colegi ai lui spun c\u0103 e geniu, am \u00een\u021beles c\u0103 e geniu la matematic\u0103, s\u0103 r\u0103m\u00e2n\u0103 la matematic\u0103, c\u0103 aici, la Cotroceni, e clar c\u0103 nu are ce s\u0103 caute. Din punctul nostru de vedere, din punctul de vedere al st\u0103p\u00e2nilor lui, cei care l-au pus pre\u0219edinte, e mom\u00e2ia perfect\u0103, mincinos-\u0219ef, un clovn, nu d\u0103 doi bani pe rom\u00e2ni \u0219i Rom\u00e2nia, nu conteaz\u0103 dec\u00e2t aia din bula lui, cu c\u00e2rfe \u00ee\u0219i face selfie \u00een avionul militar. Este obsedat s\u0103 pun\u0103 m\u00e2na pe justi\u021bie, vi l-a pus pe Ilie Bolojan premier, care mai are un pic \u0219i pune tax\u0103 \u0219i pe aerul de respirat. S\u0103 v\u0103 fie ru\u0219ine celor care l-au votat pe Nicu\u0219or Dan la pachet cu Ilie Bolojan.<\/p>\n<p>\u00cemi spun unii: a\u021bi pierdut alegerile, pleca\u021bi acas\u0103. Uite, nu plec de-a naibii, ca s\u0103 v\u0103 fac vou\u0103 \u00een ciud\u0103. O s\u0103 vorbesc \u00een fiecare sear\u0103 p\u00e2n\u0103 v\u0103 iese pe nas \u0219i o s\u0103 ar\u0103t tot ceea ce vou\u0103 nu v\u0103 place s\u0103 ar\u0103t\u0103m. C\u0103ci, ce s\u0103 vezi, impostorii \u0103\u0219tia, secta userist\u0103, are tupeu dup\u0103 gafa lui Miru\u021b\u0103, care \u0219i-a pus averea pe numele copilului, au decupat din declara\u021biile lui Miru\u021b\u0103 \u0219i au distribuit pe internet. A descoperit jurnalistul Andrei de Hillerin. C\u00e2t tupeu au! Unde sunt fact-checkerii? Unde sunt \u0103ia de la Funky Citizens? Au t\u0103iat ceva \u0219i se \u00een\u021belege altceva, e scos din context. La ei e \u00een regul\u0103? Ei pot face orice.<\/p>\n<p>Mi-a scris una: cum \u00eel invi\u021bi pe acest B\u0103d\u0103u, acuzat de h\u0103r\u021buire. Nu am v\u0103zut dosare pe numele lui, doar ni\u0219te publica\u021bii din secta userist\u0103 care i-au f\u0103cut ni\u0219te a\u0219a-zise investiga\u021bii, dar care nu s-au finalizat cu dosare sau pl\u00e2ngeri. P\u00e2n\u0103 una-alta sunt doar ni\u0219te pove\u0219ti. \u0218i c\u00e2nd am v\u0103zut despre cine e vorba, pentru c\u0103, ce s\u0103 vedem, domnul B\u0103d\u0103u a fost coleg de facultate cu doamna \u0218ercan. Acolo mai e profesor \u0219i domnul Bogdan Oprea, fost purt\u0103tor de cuv\u00e2nt la B\u0103sescu, care \u00een\u021beleg c\u0103 le cerea profesorilor s\u0103 ias\u0103 \u00een strad\u0103 pentru doamna \u0218ercan. Am v\u0103zut c\u0103 e nervoas\u0103, c\u0103 e alergat\u0103 pe strad\u0103, eu nu fac a\u0219a ceva, dar s\u0103 spun adev\u0103rul e dreptul meu.<\/p>\n<p>Ce, nu e adev\u0103rat c\u0103 a\u021bi luat 8 mii de euro pe lun\u0103 de la V\u00e2ntu? Nu e adev\u0103rat c\u0103 a\u021bi cerut s\u0103 vi se secretizeze lucrarea de licen\u021b\u0103? Voi, \u0103\u0219tia cu Rom\u00e2nia onest\u0103 a lui Nicu\u0219or Dan, nu ar fi onest din partea lui Nicu\u0219or s\u0103 spun\u0103 de ce, din anul 3 de la Bucure\u0219ti, m-am dus direct la anul 5 la Paris. Am \u00een\u021beles, era un geniu, cic\u0103 pe baza c\u0103r\u021bilor citite, eu nu am mai auzit a\u0219a ceva. Poate e geniu, dar \u021bine\u021bi-l la Paris, s\u0103-l ia Macron matematician la el.<\/p>\n<p>Noi nu-i mai vrem \u0219i sper ca m\u00e2ine, \u00een strad\u0103, la ora 18, la Universitate, s\u0103 fi\u021bi c\u00e2t mai mul\u021bi care nu-i mai vre\u021bi. Pentru c\u0103 \u00een fiecare zi m\u0103 \u00eent\u00e2lnesc cu voi \u0219i spune\u021bi c\u0103 nu-i mai vre\u021bi. Haide\u021bi \u00een strad\u0103, s\u0103 trecem de la scris la fapte. Eu am candidat, le mul\u021bumesc \u00eenc\u0103 o dat\u0103 tuturor celor care m-au votat, a fost un scor incredibil. Trebuie s\u0103 facem mai mult de at\u00e2t. Nu ne oprim aici. Nu mai sc\u0103p\u0103m de \u0103\u0219tia dac\u0103 doar vorbim \u00eentre noi \u0219i \u00eei l\u0103s\u0103m s\u0103 fac\u0103 ce vor.<\/p>\n<p>Uita\u021bi-v\u0103 c\u0103 lucrurile se mi\u0219c\u0103. Ast\u0103zi administra\u021bia Trump a oprit procesarea tuturor tipurilor de vize pentru 75 de \u021b\u0103ri, pe list\u0103 este \u0219i Republica Moldova. Rom\u00e2nia nu e, din fericire. Dar lucrurile se mi\u0219c\u0103, v-am ar\u0103tat, a\u021bi v\u0103zut ce le-a transmis Robert Kennedy \u0103lora din Germania, s\u0103 lase medicii din pandemie \u00een pace. Trump vorbe\u0219te \u00een fiecare zi despre libertatea de exprimare. Se mi\u0219c\u0103 lucrurile, dar trebuie \u0219i noi cumva, nu v\u0103 a\u0219tepta\u021bi c\u0103 vine Trump, are alte preocup\u0103ri, Trump a zis America First \u0219i asta face. Doar nu o s\u0103 vin\u0103 s\u0103 rezolve \u00een Rom\u00e2nia problemele.Trebuie s\u0103 se vad\u0103 c\u0103 suntem mul\u021bi \u00een strad\u0103, s\u0103 trimitem scrisori, lucrez la scrisoarea pentru Trump, trimit \u0219i la jurnali\u0219tii americani, \u00een multe locuri. Ca s\u0103 \u0219tie \u0219i ei cu cine au de-a face aici, la Bucure\u0219ti, care \u00eel \u00eenjur\u0103 pe Trump. O s\u0103 afl\u0103m \u00een seara asta \u0219i ce s-a \u00eent\u00e2mplat \u00een Danemarca.<\/p>\n<p>Sunt jocuri interesante. A\u0219tept\u0103m conferin\u021ba de pres\u0103 din moment \u00een moment la ambasada Danemarcei din SUA. Casa Alb\u0103 nu a dat declara\u021bii despre rezultatul \u00eent\u00e2lnirii. Pe surse s-a aflat c\u0103 i-au dat voie s\u0103 se fumeze \u00een Casa Alb\u0103, de\u0219i lui Trump nu \u00eei place.Bolojan a zis c\u0103 e de acord s\u0103 cumpere avioane dup\u0103 circul lui Nicu\u0219or Dan pe aeroportul din Paris. Vrea dou\u0103, dar rom\u00e2nii mor de frig \u00een case.<\/p>\n<p>Apropo, cei care st\u0103teau \u00een blocul explodat \u00een Rahova i-au scutit de impozite. P\u0103i la ce s\u0103 mai pl\u0103teasc\u0103, nu v\u0103 e ru\u0219ine? se mir\u0103 domnul Ciucu, ce tragedie. P\u0103i, mai Ciucule, a\u0219tept s\u0103 ie\u0219i s\u0103 spui unde s-au dus banii pe vremea lui Nicu\u0219or, la ce firme, cum au fost supraevaluate lucr\u0103rile? De ce nu s-a rezolvat problema cu apa cald\u0103 \u0219i c\u0103ldura? L-a\u021bi v\u0103zut pe Ciucu pe undeva? V-a p\u0103c\u0103lit \u00een campanie \u0219i acum iese \u0219i pl\u00e2nge. O s\u0103 vorbim \u0219i despre Mercosur, pentru c\u0103 unul dintre cei mai buni profesioni\u0219ti din Rom\u00e2nia, Costel V\u00e2n\u0103toru de la Buz\u0103u, singura sta\u021bie de cercetare care mai produce semin\u021be rom\u00e2ne\u0219ti, explic\u0103 de ce sunt \u00een pericol \u0219i semin\u021bele rom\u00e2ne\u0219ti din cauza Mercosur.<\/p>\n<p>\u0218tiu c\u0103 nicu\u0219ori\u0219tii sunt fanii mei, se uit\u0103 la mine \u00een fiecare sear\u0103. Dac\u0103 m\u0103 \u00eenjura\u021bi \u00eenseamn\u0103 c\u0103 m\u0103 urm\u0103ri\u021bi \u00een fiecare sear\u0103, ceea ce pentru mine e wow\u201d, a spus Anca Alexandrescu \u00een deschiderea emisiunii Culisele Statului Paralel.<\/p>\n<p><a title=\"Anca Alexandrescu: Am sa redactez o scrisoare catre administratia americana, catre presa din America, sa spun ce se intampla in Romania - cum este batjocorit partenerul strategic \" href=\"https:\/\/www.realitatea.net\/stiri\/editoriale\/anca-alexandrescu-am-sa-redactez-o-scrisoare-catre-administratia-americana-catre-presa-din-america-in-care-o-sa-spun-ce-se-intampla-aici-in-romania-cum-este-batjocorit-partenerul-strategic_6966a39e5b429815080ca922\">Anca Alexandrescu: Am s\u0103 redactez o scrisoare c\u0103tre administra\u021bia american\u0103, c\u0103tre presa din America, s\u0103 spun ce se \u00eent\u00e2mpl\u0103 \u00een Rom\u00e2nia<\/a><\/p>","protected":false},"excerpt":{"rendered":"<p>\u201eMai apar din c\u00e2nd \u00een c\u00e2nd pe pagina mea din \u0103\u0219tia care sunt n\u0103scu\u021bi la&hellip;<\/p>\n","protected":false},"author":0,"featured_media":58261,"comment_status":"open","ping_status":"open","sticky":false,"template":"","format":"standard","meta":{"footnotes":""},"categories":[2],"tags":[],"class_list":["post-58260","post","type-post","status-publish","format-standard","has-post-thumbnail","hentry","category-actual"],"_links":{"self":[{"href":"https:\/\/247stiri.ro\/index.php\/wp-json\/wp\/v2\/posts\/58260","targetHints":{"allow":["GET"]}}],"collection":[{"href":"https:\/\/247stiri.ro\/index.php\/wp-json\/wp\/v2\/posts"}],"about":[{"href":"https:\/\/247stiri.ro\/index.php\/wp-json\/wp\/v2\/types\/post"}],"replies":[{"embeddable":true,"href":"https:\/\/247stiri.ro\/index.php\/wp-json\/wp\/v2\/comments?post=58260"}],"version-history":[{"count":0,"href":"https:\/\/247stiri.ro\/index.php\/wp-json\/wp\/v2\/posts\/58260\/revisions"}],"wp:featuredmedia":[{"embeddable":true,"href":"https:\/\/247stiri.ro\/index.php\/wp-json\/wp\/v2\/media\/58261"}],"wp:attachment":[{"href":"https:\/\/247stiri.ro\/index.php\/wp-json\/wp\/v2\/media?parent=58260"}],"wp:term":[{"taxonomy":"category","embeddable":true,"href":"https:\/\/247stiri.ro\/index.php\/wp-json\/wp\/v2\/categories?post=58260"},{"taxonomy":"post_tag","embeddable":true,"href":"https:\/\/247stiri.ro\/index.php\/wp-json\/wp\/v2\/tags?post=58260"}],"curies":[{"name":"wp","href":"https:\/\/api.w.org\/{rel}","templated":true}]}}