{"id":58270,"date":"2026-01-14T21:45:00","date_gmt":"2026-01-14T21:45:00","guid":{"rendered":"https:\/\/247stiri.ro\/index.php\/2026\/01\/14\/ciucu-ia-in-considerare-intrarea-stb-in-insolventa-de-ce-ma-costa-acum-de-doua-ori-mai-mult-decat-pe-timpul-lui-firea\/"},"modified":"2026-01-14T21:45:00","modified_gmt":"2026-01-14T21:45:00","slug":"ciucu-ia-in-considerare-intrarea-stb-in-insolventa-de-ce-ma-costa-acum-de-doua-ori-mai-mult-decat-pe-timpul-lui-firea","status":"publish","type":"post","link":"https:\/\/247stiri.ro\/index.php\/2026\/01\/14\/ciucu-ia-in-considerare-intrarea-stb-in-insolventa-de-ce-ma-costa-acum-de-doua-ori-mai-mult-decat-pe-timpul-lui-firea\/","title":{"rendered":"Ciucu ia \u00een considerare intrarea STB \u00een insolven\u021b\u0103. \u201eDe ce m\u0103 cost\u0103 acum de dou\u0103 ori mai mult dec\u00e2t pe timpul lui Firea?\u201d"},"content":{"rendered":"<p>Primarul general Ciprian Ciucu a declarat c\u0103 va comanda un audit la STB, pe fondul cre\u0219terii accelerate a costurilor de operare, care au ajuns, potrivit acestuia, la un nivel de dou\u0103 ori mai mare dec\u00e2t \u00een perioada administra\u021biei Gabriela Firea, \u00een timp ce c\u0103l\u0103torii pl\u0103tesc tarife mai ridicate.<\/p>\n<p>Edilul a explicat c\u0103 analiza va urm\u0103ri s\u0103 stabileasc\u0103 exact cauzele acestei evolu\u021bii \u0219i a subliniat c\u0103 nu de\u021bine un rol direct \u00een numirea directorului companiei de transport.<\/p>\n<p>Conducerea STB, decis\u0103 prin concurs, nu de primar<\/p>\n<p>Ciprian Ciucu a ar\u0103tat c\u0103, \u00een acest moment, la nivelul STB este \u00een desf\u0103\u0219urare un concurs pentru Consiliul de Administra\u021bie, procedur\u0103 demarat\u0103 \u00eenainte ca el s\u0103 preia func\u021bia de primar general. \u00cen cadrul acestui proces au fost deja depuse CV-uri, iar viitorul director va fi desemnat de Consiliul de Administra\u021bie, nu de primar. \u201e\u00cen acest moment la STB este un concurs pentru consiliul de administra\u021bie. Este demarat \u00eenainte s\u0103 vin eu primar. Este \u00een desf\u0103\u0219urare. S-au depus CV-uri. Consiliul de administra\u021bie va numi directorul. Primarul este parcat pe st\u00e2nga, pe undeva pe st\u00e2nga \u00een aceast\u0103 decizie. Sunt \u0219i eu curios cine o s\u0103 fie director. Sper s\u0103 fie m\u0103car pe bune concursul. Vreau s\u0103 am un partener\u201d, a afirmat Ciucu \u00een cadrul unui interviu tv.<\/p>\n<p>El a precizat c\u0103 una dintre a\u0219tept\u0103rile sale fa\u021b\u0103 de viitoarea conducere este l\u0103murirea rapid\u0103 a situa\u021biei financiare a companiei.<\/p>\n<p><a title='Daniel Baluta, atac devastator la Ciprian Ciucu: ,,Este ales pentru a gasi solutii, nu pentru a se plange\"' href=\"https:\/\/www.realitatea.net\/stiri\/actual\/daniel-baluta-atac-devastator-la-primarul-general-primarul-general-este-ales-pentru-a-gasi-solutii-nu-pentru-a-se-plange_696672bbc5b2d042346d5538\">Daniel B\u0103lu\u021b\u0103, atac devastator la Ciprian Ciucu: \u201eEste ales pentru a g\u0103si solu\u021bii, nu pentru a se pl\u00e2nge\u201d<\/a><\/p>\n<p>Cheltuieli explodate \u0219i semne de \u00eentrebare legate de contracte<\/p>\n<p>Primarul Capitalei a indicat majorarea substan\u021bial\u0103 a costurilor de operare drept una dintre cele mai grave probleme ale STB. Acesta a spus c\u0103 vrea s\u0103 \u00een\u021beleag\u0103 motivele concrete pentru care serviciul de transport public din Bucure\u0219ti cost\u0103, \u00een prezent, de dou\u0103 ori mai mult dec\u00e2t \u00een timpul fostei administra\u021bii. \u201e\u00cen primul r\u00e2nd a crescut foarte mult costul de operare \u0219i vreau s\u0103 v\u0103d de ce. De ce m\u0103 cost\u0103 acum serviciu de transport public \u00een Bucure\u0219ti de dou\u0103 ori mai mult dec\u00e2t pe timpul lui Firea? De ce? Sunt mai multe linii? D\u0103m 150 de milioane de lei la Voluntari pentru liniile lor? Vreau s\u0103 v\u0103d de ce. Sunt contracte care sunt poate ciudate\u201d, a declarat edilul general.<\/p>\n<p>Auditul anun\u021bat ar urma s\u0103 analizeze inclusiv aceste contracte \u0219i modul \u00een care sunt alocate sumele, pentru a stabili dac\u0103 exist\u0103 explica\u021bii obiective pentru cre\u0219terea cheltuielilor.<\/p>\n<p>Insolven\u021ba, op\u021biune anun\u021bat\u0103 explicit<\/p>\n<p>Ciprian Ciucu a avertizat c\u0103, dac\u0103 situa\u021bia de la STB nu va putea fi clarificat\u0103 \u0219i corectat\u0103, ia \u00een calcul inclusiv varianta insolven\u021bei, pe care a descris-o drept alternativ\u0103 de ultim\u0103 instan\u021b\u0103. \u201eNu vreau s\u0103 vorbesc prostii, dar o s\u0103 comand un audit acolo. C\u00e2nd \u00een\u021belege cu\u021bitul la os, nu mai stai \u0219i s\u0103 mai optimizezi, s\u0103 mai discu\u021bi, s\u0103 mai negociezi. Ori e alb\u0103, ori e neagr\u0103, s\u0103 fie foarte, foarte clar. (\u2026) Alternativa, \u0219i o s\u0103 spun \u0219i acest lucru, dac\u0103 n-o s\u0103 m\u0103 \u00een\u021beleg cu STB \u0219i cu ce se \u00eent\u00e2mpl\u0103 acolo, este insolven\u021b\u0103. S\u0103 fie foarte clar. Alternativa aceasta este\u201d, a spus primarul Capitalei.<\/p>\n<p>El a ad\u0103ugat c\u0103, \u00een acest scenariu, sindicatele ar prefera un dialog cu administra\u021bia local\u0103, \u201edec\u00e2t cu judec\u0103torul sindic\u201d.<\/p>\n<p>Reforme, nu proiecte spectaculoase<\/p>\n<p>Referindu-se la priorit\u0103\u021bile mandatului s\u0103u, Ciprian Ciucu a subliniat c\u0103 nu a promis proiecte grandioase, ci reforme \u0219i o mai bun\u0103 organizare a ora\u0219ului. \u201eDac\u0103 v\u0103 uita\u021bi la campania mea electoral\u0103, o s\u0103 vede\u021bi c\u0103 nu am propus lucruri \u00een acest mandat care s\u0103 fie extraordinare. Am propus reforme. Am zis c\u0103 \u00een ace\u0219ti 2 ani o s\u0103 fie mai mult\u0103 ordine \u0219i cur\u0103\u021benie. Asta e tot ce am zis\u201d, a declarat edilul.<\/p>\n<p>Lucr\u0103ri \u00een derulare \u0219i discu\u021bii cu BEI<\/p>\n<p>\u00cen paralel cu situa\u021bia de la STB, primarul general a anun\u021bat continuarea investi\u021biilor deja \u00eencepute \u00een Capital\u0103. Acestea vizeaz\u0103 reducerea riscului seismic, modernizarea re\u021belei de termoficare \u0219i proiecte de infrastructur\u0103 rutier\u0103. \u201eContinu\u0103m investi\u021biile pe risc seismic, continu\u0103m investi\u021biile pe termoficare. Pompeiu. Ast\u0103zi am stat s\u0103 mai caut o solu\u021bie s\u0103-l deblochez. Am g\u0103sit-o. Prelungirea Ghencea. Proiectele deja \u00eencepute se vor \u00eent\u00e2mpla \u0219i vor fi finalizate\u201d, a afirmat Ciucu.<\/p>\n<p>Edilul a mai spus c\u0103 a purtat discu\u021bii cu Banca European\u0103 de Investi\u021bii pentru cofinan\u021barea proiectelor de tramvaie. El a recunoscut c\u0103 o parte dintre fonduri au fost pierdute ca urmare a unor corec\u021bii financiare, \u00eens\u0103 administra\u021bia local\u0103 caut\u0103 solu\u021bii pentru finalizarea lucr\u0103rilor.<\/p>\n<p>\u00cen ceea ce prive\u0219te regenerarea urban\u0103 a zonelor centrale, primarul a explicat c\u0103 sunt necesare planuri urbanistice zonale, studii de fezabilitate \u0219i resurse financiare consistente, subliniind c\u0103 \u201elucrurile nu vor r\u0103m\u00e2ne, nu vor stagna, ca s\u0103 fie foarte clar\u201d.<\/p>\n<p><a title=\"Ciprian Ciucu, in dilema. Nu stie cum sa imparta suma infima primita de la Bolojan pentru Primaria Capitalei\" href=\"https:\/\/www.realitatea.net\/stiri\/actual\/ciprian-ciucu-in-dilema-nu-stie-cum-sa-imparta-suma-infima-primita-de-la-bolojan-pentru-primaria-capitalei_6967568b29aa3a03f31b6d35\">Ciprian Ciucu, \u00een dilem\u0103. Nu \u0219tie cum s\u0103 \u00eempart\u0103 suma infim\u0103 primit\u0103 de la Bolojan pentru Prim\u0103ria Capitalei<\/a><\/p>","protected":false},"excerpt":{"rendered":"<p>Primarul general Ciprian Ciucu a declarat c\u0103 va comanda un audit la STB, pe fondul&hellip;<\/p>\n","protected":false},"author":0,"featured_media":58271,"comment_status":"open","ping_status":"open","sticky":false,"template":"","format":"standard","meta":{"footnotes":""},"categories":[2],"tags":[],"class_list":["post-58270","post","type-post","status-publish","format-standard","has-post-thumbnail","hentry","category-actual"],"_links":{"self":[{"href":"https:\/\/247stiri.ro\/index.php\/wp-json\/wp\/v2\/posts\/58270","targetHints":{"allow":["GET"]}}],"collection":[{"href":"https:\/\/247stiri.ro\/index.php\/wp-json\/wp\/v2\/posts"}],"about":[{"href":"https:\/\/247stiri.ro\/index.php\/wp-json\/wp\/v2\/types\/post"}],"replies":[{"embeddable":true,"href":"https:\/\/247stiri.ro\/index.php\/wp-json\/wp\/v2\/comments?post=58270"}],"version-history":[{"count":0,"href":"https:\/\/247stiri.ro\/index.php\/wp-json\/wp\/v2\/posts\/58270\/revisions"}],"wp:featuredmedia":[{"embeddable":true,"href":"https:\/\/247stiri.ro\/index.php\/wp-json\/wp\/v2\/media\/58271"}],"wp:attachment":[{"href":"https:\/\/247stiri.ro\/index.php\/wp-json\/wp\/v2\/media?parent=58270"}],"wp:term":[{"taxonomy":"category","embeddable":true,"href":"https:\/\/247stiri.ro\/index.php\/wp-json\/wp\/v2\/categories?post=58270"},{"taxonomy":"post_tag","embeddable":true,"href":"https:\/\/247stiri.ro\/index.php\/wp-json\/wp\/v2\/tags?post=58270"}],"curies":[{"name":"wp","href":"https:\/\/api.w.org\/{rel}","templated":true}]}}