{"id":58272,"date":"2026-01-14T21:45:01","date_gmt":"2026-01-14T21:45:01","guid":{"rendered":"https:\/\/247stiri.ro\/index.php\/2026\/01\/14\/concluzia-intalnirii-tensionate-dintre-ministri-danez-si-groenlandez-de-externe-si-jd-vance-avem-dezacorduri-fundamentale-danemarca-si-sua-infiinteaza-un-grup-de-lucru\/"},"modified":"2026-01-14T21:45:01","modified_gmt":"2026-01-14T21:45:01","slug":"concluzia-intalnirii-tensionate-dintre-ministri-danez-si-groenlandez-de-externe-si-jd-vance-avem-dezacorduri-fundamentale-danemarca-si-sua-infiinteaza-un-grup-de-lucru","status":"publish","type":"post","link":"https:\/\/247stiri.ro\/index.php\/2026\/01\/14\/concluzia-intalnirii-tensionate-dintre-ministri-danez-si-groenlandez-de-externe-si-jd-vance-avem-dezacorduri-fundamentale-danemarca-si-sua-infiinteaza-un-grup-de-lucru\/","title":{"rendered":"Concluzia \u00eent\u00e2lnirii tensionate dintre mini\u0219tri danez \u0219i groenlandez de Externe \u0219i JD Vance: \u201eAvem dezacorduri fundamentale\u201d. Danemarca \u0219i SUA \u00eenfiin\u021beaz\u0103 un grup de lucru"},"content":{"rendered":"<p>Rasmussen a subliniat c\u0103 pre\u0219edintele Trump \u201e\u0219i-a exprimat clar opiniile\u201d, \u00eens\u0103 Danemarca are o \u201epozi\u021bie diferit\u0103\u201d, \u00een special \u00een ceea ce prive\u0219te statutul Groenlandei.<\/p>\n<p>\u201e\u00cenc\u0103 avem dezacorduri fundamentale, dar vom continua s\u0103 discut\u0103m\u201d, a declarat ministrul danez.<\/p>\n<p>\u00cen acela\u0219i timp, \u0219eful diploma\u021biei de la Copenhaga a anun\u021bat \u00eenfiin\u021barea unui grup de lucru \u201ela nivel \u00eenalt\u201d \u00eentre Danemarca \u0219i Statele Unite, care va c\u0103uta o \u201ecale comun\u0103 de urmat\u201d.<\/p>\n<p>Acesta va aborda preocup\u0103rile Washingtonului \u00een materie de securitate, cu respectarea \u201eliniilor ro\u0219ii ale Regatului Danemarcei\u201d. Prima reuniune este prev\u0103zut\u0103 peste c\u00e2teva s\u0103pt\u0103m\u00e2ni.<\/p>\n<p>Rasmussen a reafirmat angajamentul Danemarcei fa\u021b\u0103 de cooperarea transatlantic\u0103, amintind participarea \u021b\u0103rii sale la campania militar\u0103 din Afganistan \u0219i statutul de aliat apropiat al SUA.<\/p>\n<p>Totodat\u0103, el a declarat c\u0103 Copenhaga dore\u0219te \u201es\u0103 schimbe pozi\u021bia american\u0103\u201d privind Groenlanda, dup\u0103 ce Donald Trump a afirmat c\u0103 insula \u201eva fi a Statelor Unite \u00eentr-un fel sau altul\u201d.<\/p>\n<p>\u201eAm spus foarte, foarte clar c\u0103 acest lucru nu este \u00een interesul Groenlandei\u201d, a explicat ministrul danez.<\/p>\n<p>La r\u00e2ndul s\u0103u, ministrul de Externe al Groenlandei, Vivian Motzfeldt, a cerut revenirea la \u201erela\u021bia normal\u0103\u201d cu Washingtonul.<\/p>\n<p>\u201eEste \u00een interesul ambelor p\u0103r\u021bi s\u0103 g\u0103seasc\u0103 un echilibru \u0219i s\u0103 lucreze ca alia\u021bi. Suntem alia\u021bi, suntem prieteni\u201d, a declarat Motzfeldt.<\/p>","protected":false},"excerpt":{"rendered":"<p>Rasmussen a subliniat c\u0103 pre\u0219edintele Trump \u201e\u0219i-a exprimat clar opiniile\u201d, \u00eens\u0103 Danemarca are o \u201epozi\u021bie&hellip;<\/p>\n","protected":false},"author":0,"featured_media":58268,"comment_status":"open","ping_status":"open","sticky":false,"template":"","format":"standard","meta":{"footnotes":""},"categories":[2],"tags":[],"class_list":["post-58272","post","type-post","status-publish","format-standard","has-post-thumbnail","hentry","category-actual"],"_links":{"self":[{"href":"https:\/\/247stiri.ro\/index.php\/wp-json\/wp\/v2\/posts\/58272","targetHints":{"allow":["GET"]}}],"collection":[{"href":"https:\/\/247stiri.ro\/index.php\/wp-json\/wp\/v2\/posts"}],"about":[{"href":"https:\/\/247stiri.ro\/index.php\/wp-json\/wp\/v2\/types\/post"}],"replies":[{"embeddable":true,"href":"https:\/\/247stiri.ro\/index.php\/wp-json\/wp\/v2\/comments?post=58272"}],"version-history":[{"count":0,"href":"https:\/\/247stiri.ro\/index.php\/wp-json\/wp\/v2\/posts\/58272\/revisions"}],"wp:featuredmedia":[{"embeddable":true,"href":"https:\/\/247stiri.ro\/index.php\/wp-json\/wp\/v2\/media\/58268"}],"wp:attachment":[{"href":"https:\/\/247stiri.ro\/index.php\/wp-json\/wp\/v2\/media?parent=58272"}],"wp:term":[{"taxonomy":"category","embeddable":true,"href":"https:\/\/247stiri.ro\/index.php\/wp-json\/wp\/v2\/categories?post=58272"},{"taxonomy":"post_tag","embeddable":true,"href":"https:\/\/247stiri.ro\/index.php\/wp-json\/wp\/v2\/tags?post=58272"}],"curies":[{"name":"wp","href":"https:\/\/api.w.org\/{rel}","templated":true}]}}