{"id":58302,"date":"2026-01-15T06:44:54","date_gmt":"2026-01-15T06:44:54","guid":{"rendered":"https:\/\/247stiri.ro\/index.php\/2026\/01\/15\/presedintele-columbiei-se-va-intalni-cu-donald-trump-in-statele-unite-la-data-de-3-februarie\/"},"modified":"2026-01-15T06:44:54","modified_gmt":"2026-01-15T06:44:54","slug":"presedintele-columbiei-se-va-intalni-cu-donald-trump-in-statele-unite-la-data-de-3-februarie","status":"publish","type":"post","link":"https:\/\/247stiri.ro\/index.php\/2026\/01\/15\/presedintele-columbiei-se-va-intalni-cu-donald-trump-in-statele-unite-la-data-de-3-februarie\/","title":{"rendered":"Pre\u015fedintele Columbiei se va \u00eent\u00e2lni cu Donald Trump \u00een Statele Unite la data de 3 februarie"},"content":{"rendered":"<p>\u201eVa fi la 3 februarie. Vom vedea rezultatele acestei \u00eent\u00e2lniri\u201d, a declarat pre\u015fedintele de st\u00e2nga \u00een cadrul unei reuniuni televizate cu mini\u015ftrii s\u0103i, scrie AFP, scrie Agerpres.<\/p>\n<p>Washington \u015fi Bogota coopereaz\u0103 \u00een domeniul securit\u0103\u0163ii de zeci de ani, dar rela\u0163iile dintre cele dou\u0103 \u0163\u0103ri s-au deteriorat de la revenirea lui Donald Trump la putere \u00een ianuarie anul acesta.<\/p>\n<p>Vizita lui Gustavo Petro are loc dup\u0103 un an de schimburi acide \u00eentre cei doi lideri, amenin\u0163\u0103ri din partea Washingtonului cu ac\u0163iuni militare \u00een Columbia, precum \u015fi capturarea de c\u0103tre Statele Unite a pre\u015fedintelui venezuelean destituit Nicol\u00e1s Maduro.<\/p>\n<p>Petro critic\u0103 ac\u0163iunea militar\u0103 a lui Trump \u00een Venezuela<\/p>\n<p>Gustavo Petro, fost guerillero \u00een v\u00e2rst\u0103 de 65 de ani, \u00ee\u015fi \u00eencheie mandatul \u00een acest an \u015fi nu are dreptul s\u0103 candideze din nou. Pre\u015fedintele columbian critic\u0103 vehement ac\u0163iunea militar\u0103 a administra\u0163iei Trump \u00een regiune \u015fi acuz\u0103 Statele Unite c\u0103 l-au r\u0103pit pe Nicol\u00e1s Maduro \u201ef\u0103r\u0103 temei legal\u201d. Donald Trump i-a r\u0103spuns c\u0103 ar trebui \u201es\u0103-\u015fi p\u0103zeasc\u0103 fundul\u201d, calific\u00e2ndu-l drept \u201eun om bolnav\u201d c\u0103ruia \u201e\u00eei place s\u0103 consume cocain\u0103\u201d.<\/p>\n<p>Gustavo Petro a criticat, de asemenea, atacurile americane \u00eempotriva navelor suspectate de trafic de droguri \u00een Marea Caraibelor \u015fi Oceanul Pacific, care au dus la distrugerea a zeci de b\u0103rci \u015fi la moartea a peste 100 de persoane \u00een timpul unor atacuri calificate drept execu\u0163ii extrajudiciare de c\u0103tre organiza\u0163iile de ap\u0103rare a drepturilor omului.<\/p>\n<p>La r\u00e2ndul s\u0103u, Trump l-a acuzat pe omologul s\u0103u columbian c\u0103 ar fi implicat \u00een traficul de droguri, f\u0103r\u0103 a furniza dovezi. Administra\u0163ia sa a impus sanc\u0163iuni financiare lui Gustavo Petro \u015fi familiei sale.<\/p>","protected":false},"excerpt":{"rendered":"<p>\u201eVa fi la 3 februarie. Vom vedea rezultatele acestei \u00eent\u00e2lniri\u201d, a declarat pre\u015fedintele de st\u00e2nga&hellip;<\/p>\n","protected":false},"author":0,"featured_media":58289,"comment_status":"open","ping_status":"open","sticky":false,"template":"","format":"standard","meta":{"footnotes":""},"categories":[2],"tags":[],"class_list":["post-58302","post","type-post","status-publish","format-standard","has-post-thumbnail","hentry","category-actual"],"_links":{"self":[{"href":"https:\/\/247stiri.ro\/index.php\/wp-json\/wp\/v2\/posts\/58302","targetHints":{"allow":["GET"]}}],"collection":[{"href":"https:\/\/247stiri.ro\/index.php\/wp-json\/wp\/v2\/posts"}],"about":[{"href":"https:\/\/247stiri.ro\/index.php\/wp-json\/wp\/v2\/types\/post"}],"replies":[{"embeddable":true,"href":"https:\/\/247stiri.ro\/index.php\/wp-json\/wp\/v2\/comments?post=58302"}],"version-history":[{"count":0,"href":"https:\/\/247stiri.ro\/index.php\/wp-json\/wp\/v2\/posts\/58302\/revisions"}],"wp:featuredmedia":[{"embeddable":true,"href":"https:\/\/247stiri.ro\/index.php\/wp-json\/wp\/v2\/media\/58289"}],"wp:attachment":[{"href":"https:\/\/247stiri.ro\/index.php\/wp-json\/wp\/v2\/media?parent=58302"}],"wp:term":[{"taxonomy":"category","embeddable":true,"href":"https:\/\/247stiri.ro\/index.php\/wp-json\/wp\/v2\/categories?post=58302"},{"taxonomy":"post_tag","embeddable":true,"href":"https:\/\/247stiri.ro\/index.php\/wp-json\/wp\/v2\/tags?post=58302"}],"curies":[{"name":"wp","href":"https:\/\/api.w.org\/{rel}","templated":true}]}}