{"id":58408,"date":"2026-01-15T11:45:26","date_gmt":"2026-01-15T11:45:26","guid":{"rendered":"https:\/\/247stiri.ro\/index.php\/2026\/01\/15\/femeie-din-alba-arestata-dupa-ce-si-a-ucis-nou-nascutul-l-a-pus-intr-un-sac-menajer-si-l-a-ascuns-in-cosul-cu-haine\/"},"modified":"2026-01-15T11:45:26","modified_gmt":"2026-01-15T11:45:26","slug":"femeie-din-alba-arestata-dupa-ce-si-a-ucis-nou-nascutul-l-a-pus-intr-un-sac-menajer-si-l-a-ascuns-in-cosul-cu-haine","status":"publish","type":"post","link":"https:\/\/247stiri.ro\/index.php\/2026\/01\/15\/femeie-din-alba-arestata-dupa-ce-si-a-ucis-nou-nascutul-l-a-pus-intr-un-sac-menajer-si-l-a-ascuns-in-cosul-cu-haine\/","title":{"rendered":"Femeie din Alba, arestat\u0103 dup\u0103 ce \u0219i-a ucis nou-n\u0103scutul. L-a pus \u00eentr-un sac menajer \u0219i l-a ascuns \u00een co\u0219ul cu haine"},"content":{"rendered":"<p>Potrivit Parchetului de pe l\u00e2ng\u0103 Tribunalul Alba, femeia a n\u0103scut acas\u0103, pe 17 decembrie 2025. Ancheta arat\u0103 c\u0103, imediat dup\u0103 na\u0219tere, aceasta ar fi ascuns nou\u2011n\u0103scutul, iar copilul a fost g\u0103sit f\u0103r\u0103 via\u021b\u0103 o zi mai t\u00e2rziu de c\u0103tre poli\u021bi\u0219ti.<\/p>\n<p>Bebelu\u0219 ucis cu s\u00e2nge rece, \u00een Alba. Mama lui, arestat\u0103<\/p>\n<p>\u201eDin autopsia medico\u2011legal\u0103 a nou\u2011n\u0103scutului decedat a rezultat c\u0103 acesta s-a n\u0103scut viu, iar decesul s-a datorat insuficien\u0163ei cardio\u2011respiratorii acute consecutive pneumoniei acute de aspira\u0163ie de lichid amniotic, \u00een condi\u0163iile unei na\u015fteri neasistate. De asemenea, din expertiza medico\u2011legal\u0103 psihiatric\u0103 efectuat\u0103, a reie\u015fit c\u0103 inculpata a avut discern\u0103m\u00e2nt p\u0103strat la data comiterii presupusei fapte\u201d, se arat\u0103 \u00een comunicatul procurorilor.<\/p>\n<p>Ini\u021bial, femeia a fost re\u021binut\u0103 pentru 24 de ore, iar ulterior instan\u021ba a decis arestarea preventiv\u0103 pentru 30 de zile. Cercet\u0103rile au fost realizate cu sprijinul poli\u021bi\u0219tilor din cadrul Biroului de Investiga\u021bii Criminale al Poli\u021biei Municipiului Aiud.<\/p>","protected":false},"excerpt":{"rendered":"<p>Potrivit Parchetului de pe l\u00e2ng\u0103 Tribunalul Alba, femeia a n\u0103scut acas\u0103, pe 17 decembrie 2025.&hellip;<\/p>\n","protected":false},"author":0,"featured_media":58409,"comment_status":"open","ping_status":"open","sticky":false,"template":"","format":"standard","meta":{"footnotes":""},"categories":[2],"tags":[],"class_list":["post-58408","post","type-post","status-publish","format-standard","has-post-thumbnail","hentry","category-actual"],"_links":{"self":[{"href":"https:\/\/247stiri.ro\/index.php\/wp-json\/wp\/v2\/posts\/58408","targetHints":{"allow":["GET"]}}],"collection":[{"href":"https:\/\/247stiri.ro\/index.php\/wp-json\/wp\/v2\/posts"}],"about":[{"href":"https:\/\/247stiri.ro\/index.php\/wp-json\/wp\/v2\/types\/post"}],"replies":[{"embeddable":true,"href":"https:\/\/247stiri.ro\/index.php\/wp-json\/wp\/v2\/comments?post=58408"}],"version-history":[{"count":0,"href":"https:\/\/247stiri.ro\/index.php\/wp-json\/wp\/v2\/posts\/58408\/revisions"}],"wp:featuredmedia":[{"embeddable":true,"href":"https:\/\/247stiri.ro\/index.php\/wp-json\/wp\/v2\/media\/58409"}],"wp:attachment":[{"href":"https:\/\/247stiri.ro\/index.php\/wp-json\/wp\/v2\/media?parent=58408"}],"wp:term":[{"taxonomy":"category","embeddable":true,"href":"https:\/\/247stiri.ro\/index.php\/wp-json\/wp\/v2\/categories?post=58408"},{"taxonomy":"post_tag","embeddable":true,"href":"https:\/\/247stiri.ro\/index.php\/wp-json\/wp\/v2\/tags?post=58408"}],"curies":[{"name":"wp","href":"https:\/\/api.w.org\/{rel}","templated":true}]}}