{"id":58410,"date":"2026-01-15T11:45:27","date_gmt":"2026-01-15T11:45:27","guid":{"rendered":"https:\/\/247stiri.ro\/index.php\/2026\/01\/15\/ilie-bolojan-de-ziua-culturii-nationale-guvernul-are-responsabilitatea-de-a-sustine-educatia-si-cultura\/"},"modified":"2026-01-15T11:45:27","modified_gmt":"2026-01-15T11:45:27","slug":"ilie-bolojan-de-ziua-culturii-nationale-guvernul-are-responsabilitatea-de-a-sustine-educatia-si-cultura","status":"publish","type":"post","link":"https:\/\/247stiri.ro\/index.php\/2026\/01\/15\/ilie-bolojan-de-ziua-culturii-nationale-guvernul-are-responsabilitatea-de-a-sustine-educatia-si-cultura\/","title":{"rendered":"Ilie Bolojan, de Ziua Culturii Na\u021bionale: \u201dGuvernul are responsabilitatea de a sus\u021bine educa\u021bia \u0219i cultura\u201d"},"content":{"rendered":"<p>\u201dZiua Culturii Na\u0163ionale ne reaminte\u015fte importan\u0163a patrimoniului cultural \u015fi a operei lui Mihai Eminescu \u00een formarea identit\u0103\u0163ii rom\u00e2ne\u015fti. Rom\u00e2nia are nevoie de ini\u0163iative culturale bine gestionate, cu impact \u00een educa\u0163ie, comunit\u0103\u0163i \u015fi spa\u0163iul public, care s\u0103 contribuie la o prezen\u0163\u0103 cultural\u0103 coerent\u0103 \u015fi la cre\u015fterea respectului de care \u0163ara noastr\u0103 se bucur\u0103 \u00een lume\u201d, a scris <a href=\"https:\/\/www.realitatea.net\/stiri\/actual\/curtea-de-apel-decizia-momentului-comitetul-pe-justitie-a-lui-bolojan-isi-continua-activitatea_6968bfcb35dd723ed818a492\" target=\"_blank\">Ilie Bolojan<\/a> pe pagina sa de Facebook.\u00a0<\/p>\n\n<p>\u015eeful Executivului a subliniat c\u0103 \u201dGuvernul are responsabilitatea de a sus\u0163ine educa\u0163ia \u015fi cultura, iar cei care activeaz\u0103 \u00een acest domeniu au rolul de a valorifica aceste oportunit\u0103\u0163i prin competen\u0163\u0103 \u015fi rezultate vizibile pentru societate\u201d.<\/p>\n<p>\u201dLe mul\u0163umesc tuturor celor care contribuie la via\u0163a cultural\u0103 a Rom\u00e2niei \u015fi \u00eei \u00eencurajez s\u0103 continue s\u0103 construiasc\u0103, prin munca lor, un spa\u0163iu cultural accesibil \u015fi conectat la realit\u0103\u0163ile de ast\u0103zi\u201d, mai afirm\u0103 premierul Bolojan.<\/p>","protected":false},"excerpt":{"rendered":"<p>\u201dZiua Culturii Na\u0163ionale ne reaminte\u015fte importan\u0163a patrimoniului cultural \u015fi a operei lui Mihai Eminescu \u00een&hellip;<\/p>\n","protected":false},"author":0,"featured_media":58400,"comment_status":"open","ping_status":"open","sticky":false,"template":"","format":"standard","meta":{"footnotes":""},"categories":[2],"tags":[],"class_list":["post-58410","post","type-post","status-publish","format-standard","has-post-thumbnail","hentry","category-actual"],"_links":{"self":[{"href":"https:\/\/247stiri.ro\/index.php\/wp-json\/wp\/v2\/posts\/58410","targetHints":{"allow":["GET"]}}],"collection":[{"href":"https:\/\/247stiri.ro\/index.php\/wp-json\/wp\/v2\/posts"}],"about":[{"href":"https:\/\/247stiri.ro\/index.php\/wp-json\/wp\/v2\/types\/post"}],"replies":[{"embeddable":true,"href":"https:\/\/247stiri.ro\/index.php\/wp-json\/wp\/v2\/comments?post=58410"}],"version-history":[{"count":0,"href":"https:\/\/247stiri.ro\/index.php\/wp-json\/wp\/v2\/posts\/58410\/revisions"}],"wp:featuredmedia":[{"embeddable":true,"href":"https:\/\/247stiri.ro\/index.php\/wp-json\/wp\/v2\/media\/58400"}],"wp:attachment":[{"href":"https:\/\/247stiri.ro\/index.php\/wp-json\/wp\/v2\/media?parent=58410"}],"wp:term":[{"taxonomy":"category","embeddable":true,"href":"https:\/\/247stiri.ro\/index.php\/wp-json\/wp\/v2\/categories?post=58410"},{"taxonomy":"post_tag","embeddable":true,"href":"https:\/\/247stiri.ro\/index.php\/wp-json\/wp\/v2\/tags?post=58410"}],"curies":[{"name":"wp","href":"https:\/\/api.w.org\/{rel}","templated":true}]}}