{"id":58477,"date":"2026-01-15T16:45:49","date_gmt":"2026-01-15T16:45:49","guid":{"rendered":"https:\/\/247stiri.ro\/index.php\/2026\/01\/15\/lansarea-cartii-lui-dan-dungaciu-despre-donald-trump-fara-carte-volumele-au-ramas-blocate-in-vama-nici-trump-nu-a-reusit-sa-treaca-prutul\/"},"modified":"2026-01-15T16:45:49","modified_gmt":"2026-01-15T16:45:49","slug":"lansarea-cartii-lui-dan-dungaciu-despre-donald-trump-fara-carte-volumele-au-ramas-blocate-in-vama-nici-trump-nu-a-reusit-sa-treaca-prutul","status":"publish","type":"post","link":"https:\/\/247stiri.ro\/index.php\/2026\/01\/15\/lansarea-cartii-lui-dan-dungaciu-despre-donald-trump-fara-carte-volumele-au-ramas-blocate-in-vama-nici-trump-nu-a-reusit-sa-treaca-prutul\/","title":{"rendered":"Lansarea c\u0103r\u021bii lui Dan Dungaciu despre Donald Trump, f\u0103r\u0103&#8230; carte. Volumele au r\u0103mas blocate \u00een vam\u0103: \u201eNici Trump nu a reu\u0219it s\u0103 treac\u0103 Prutul\u201d"},"content":{"rendered":"<p>\u201eC\u0103r\u021bile au fost trimise de la editura Creator Libris, cu garan\u021bie c\u0103 o s\u0103 apar\u0103 p\u00e2n\u0103 \u00een ziua lan\u021b\u0103rii, adic\u0103 ast\u0103zi la ora 14. C\u00e2nd editura a sunat firma de transport \u0219i s-au interesat cei cu c\u0103r\u021bile, au spus c\u0103 c\u0103r\u021bile sunt \u00eenc\u0103 \u00een vam\u0103, se v\u0103muiesc, \u0103sta a fost r\u0103spunsul. Deci c\u0103r\u021bile au \u00eent\u00e2rziat, nu au ajuns la lansare, vor ajunge m\u00e2ine sau nu e clar c\u00e2nd, cert este c\u0103 nu au ajuns \u00een timp util\u201d, a explicat Dan Dungaciu.<\/p>\n<p>Exemplarele c\u0103r\u021bii lui Dan Dungaciu, oprite la vama moldoveneasc\u0103: \u201eNici Donald Trump nu a reu\u0219it s\u0103 treac\u0103 Prutul\u201d<\/p>\n<p>Cu ironie, acesta a remarcat c\u0103 \u201enici Donald Trump nu a reu\u0219it s\u0103 treac\u0103 Prutul\u201d, f\u0103c\u00e2nd aluzie la blocajele frecvente de la frontiera rom\u00e2no-moldoveneasc\u0103.<\/p>\n<p>\u201eNu \u0219tiu dac\u0103 este ceva obi\u0219nuit, nu \u0219tiu dac\u0103 este ceva uzual, cert este c\u0103 am f\u0103cut o conferin\u021b\u0103 pe marginea unei c\u0103r\u021bi pe care nu am reu\u0219it s\u0103 o lans\u0103m. Ironia sor\u021bii, Donald Trump n-a reu\u0219it s\u0103 treac\u0103 Prutul, cel pu\u021bin nu \u00een termeni utili. Frontiera aceasta ne \u00eencurc\u0103 extrem de tare, iat\u0103 c\u0103 nici Donald Trump, pre\u0219edintele Americii, sau cartea cu discursul de Donald Trump, pre\u0219edintele Americii, n-a reu\u0219it s\u0103 dep\u0103\u0219easc\u0103 aceste impedimente\u201d, a ad\u0103ugat expertul rom\u00e2n\u201d, a spus Dungaciu, subliniind c\u0103 astfel de obstacole arat\u0103 c\u00e2t de problematic\u0103 r\u0103m\u00e2ne circula\u021bia dintre cele dou\u0103 state.<\/p>\n<p>Evenimentul a avut loc joi, 15 ianuarie, fiind organizat de Grupul de politic\u0103 extern\u0103 Titu Maiorescu din Rom\u00e2nia. \u00cen cadrul conferin\u021bei au participat oficiali de pe ambele maluri ale Prutului, al\u0103turi de exper\u021bi, politicieni \u0219i jurnali\u0219ti, conform ziua.md.<\/p>\n<p>Pe l\u00e2ng\u0103 Dan Dungaciu, \u00een prezidiu s-au aflat senatorul rom\u00e2n Petri\u0219or-Gabriel Peiu, liderul frac\u021biunii AUR din Senatul Rom\u00e2niei, deputatul moldovean Vasile Costiuc, fostul ambasador la Washington Igor Munteanu \u0219i expertul IDIS \u201eViitorul\u201d Veaceslav Ioni\u021b\u0103.<\/p>\n<p>Participan\u021bii au discutat despre necesitatea unui dialog matur privind schimb\u0103rile globale \u0219i despre pozi\u021bia Rom\u00e2niei \u0219i a Republicii Moldova \u00een noul context geopolitic.<\/p>\n<p>Totodat\u0103, s-a f\u0103cut referire la recentele declara\u021bii ale pre\u0219edintei Maia Sandu privind atitudinea fa\u021b\u0103 de o posibil\u0103 reunificare cu Rom\u00e2nia.<\/p>\n<p>Publicat \u00een 2025, volumul \u201eWe the People\u2026 Discursurile istorice ale lui Donald Trump\u201d reune\u0219te cele mai relevante discursuri ale fostului pre\u0219edinte american, analizate \u0219i contextualizate de Dan Dungaciu pentru o mai bun\u0103 \u00een\u021belegere a strategiei geopolitice a SUA.<\/p>","protected":false},"excerpt":{"rendered":"<p>\u201eC\u0103r\u021bile au fost trimise de la editura Creator Libris, cu garan\u021bie c\u0103 o s\u0103 apar\u0103&hellip;<\/p>\n","protected":false},"author":0,"featured_media":58474,"comment_status":"open","ping_status":"open","sticky":false,"template":"","format":"standard","meta":{"footnotes":""},"categories":[2],"tags":[],"class_list":["post-58477","post","type-post","status-publish","format-standard","has-post-thumbnail","hentry","category-actual"],"_links":{"self":[{"href":"https:\/\/247stiri.ro\/index.php\/wp-json\/wp\/v2\/posts\/58477","targetHints":{"allow":["GET"]}}],"collection":[{"href":"https:\/\/247stiri.ro\/index.php\/wp-json\/wp\/v2\/posts"}],"about":[{"href":"https:\/\/247stiri.ro\/index.php\/wp-json\/wp\/v2\/types\/post"}],"replies":[{"embeddable":true,"href":"https:\/\/247stiri.ro\/index.php\/wp-json\/wp\/v2\/comments?post=58477"}],"version-history":[{"count":0,"href":"https:\/\/247stiri.ro\/index.php\/wp-json\/wp\/v2\/posts\/58477\/revisions"}],"wp:featuredmedia":[{"embeddable":true,"href":"https:\/\/247stiri.ro\/index.php\/wp-json\/wp\/v2\/media\/58474"}],"wp:attachment":[{"href":"https:\/\/247stiri.ro\/index.php\/wp-json\/wp\/v2\/media?parent=58477"}],"wp:term":[{"taxonomy":"category","embeddable":true,"href":"https:\/\/247stiri.ro\/index.php\/wp-json\/wp\/v2\/categories?post=58477"},{"taxonomy":"post_tag","embeddable":true,"href":"https:\/\/247stiri.ro\/index.php\/wp-json\/wp\/v2\/tags?post=58477"}],"curies":[{"name":"wp","href":"https:\/\/api.w.org\/{rel}","templated":true}]}}