{"id":58502,"date":"2026-01-15T18:44:55","date_gmt":"2026-01-15T18:44:55","guid":{"rendered":"https:\/\/247stiri.ro\/index.php\/2026\/01\/15\/dan-puric-mesaj-de-forta-de-la-eminescu-am-aflat-ca-suntem-un-popor-nobil-sa-nu-l-ofensam-pe-dumnezeu-e-singurul-care-ne-mangaie\/"},"modified":"2026-01-15T18:44:55","modified_gmt":"2026-01-15T18:44:55","slug":"dan-puric-mesaj-de-forta-de-la-eminescu-am-aflat-ca-suntem-un-popor-nobil-sa-nu-l-ofensam-pe-dumnezeu-e-singurul-care-ne-mangaie","status":"publish","type":"post","link":"https:\/\/247stiri.ro\/index.php\/2026\/01\/15\/dan-puric-mesaj-de-forta-de-la-eminescu-am-aflat-ca-suntem-un-popor-nobil-sa-nu-l-ofensam-pe-dumnezeu-e-singurul-care-ne-mangaie\/","title":{"rendered":"Dan Puric, mesaj de for\u021b\u0103: De la Eminescu am aflat c\u0103 suntem un popor nobil. S\u0103 nu-l ofens\u0103m pe Dumnezeu, e singurul care ne m\u00e2ng\u00e2ie!"},"content":{"rendered":"<p>\u201eNu este un protest \u00eempotriva guvernului. Orice popor este legitim s\u0103 protesteze \u00een probleme sociale, economice, administrative, financiare, dar c\u00e2nd se ridic\u0103 pentru demnitate nu mai este un protest, este o atitudine. Iar via\u021ba unui popor const\u0103 \u00een atitudinea pe care o are \u00een fa\u021ba lumii. Am aflat de la Eminescu: nu-l l\u0103sa\u021bi acolo, \u00een dep\u0103rtare.<\/p>\n<p>Sunte\u021bi aici ca s\u0103 nu uita\u021bi c\u0103 sunte\u021bi un popor nobil, sunte\u021bi aici ca s\u0103 fi\u021bi fa\u021ba ne\u00eenchinat\u0103 a \u021b\u0103rii, sunte\u021bi aici ca s\u0103 ridica\u021bi demnitatea poporului rom\u00e2n \u00een picioare.<\/p>\n<p>S\u0103 tr\u0103im \u00een a\u0219a fel \u00eenc\u00e2t s\u0103 nu ofens\u0103m trecutul nostru martiric, s\u0103 nu-l ofens\u0103m pe Mihai Eminescu \u0219i, mai mult dec\u00e2t at\u00e2t, s\u0103 nu-l ofens\u0103m pe Dumnezeu, c\u0103ci El a fost singurul care ne-a m\u00e2ng\u00e2iat.\u201d, a declarat Dan Puric.<\/p>","protected":false},"excerpt":{"rendered":"<p>\u201eNu este un protest \u00eempotriva guvernului. Orice popor este legitim s\u0103 protesteze \u00een probleme sociale,&hellip;<\/p>\n","protected":false},"author":0,"featured_media":0,"comment_status":"open","ping_status":"open","sticky":false,"template":"","format":"standard","meta":{"footnotes":""},"categories":[2],"tags":[],"class_list":["post-58502","post","type-post","status-publish","format-standard","hentry","category-actual"],"_links":{"self":[{"href":"https:\/\/247stiri.ro\/index.php\/wp-json\/wp\/v2\/posts\/58502","targetHints":{"allow":["GET"]}}],"collection":[{"href":"https:\/\/247stiri.ro\/index.php\/wp-json\/wp\/v2\/posts"}],"about":[{"href":"https:\/\/247stiri.ro\/index.php\/wp-json\/wp\/v2\/types\/post"}],"replies":[{"embeddable":true,"href":"https:\/\/247stiri.ro\/index.php\/wp-json\/wp\/v2\/comments?post=58502"}],"version-history":[{"count":0,"href":"https:\/\/247stiri.ro\/index.php\/wp-json\/wp\/v2\/posts\/58502\/revisions"}],"wp:attachment":[{"href":"https:\/\/247stiri.ro\/index.php\/wp-json\/wp\/v2\/media?parent=58502"}],"wp:term":[{"taxonomy":"category","embeddable":true,"href":"https:\/\/247stiri.ro\/index.php\/wp-json\/wp\/v2\/categories?post=58502"},{"taxonomy":"post_tag","embeddable":true,"href":"https:\/\/247stiri.ro\/index.php\/wp-json\/wp\/v2\/tags?post=58502"}],"curies":[{"name":"wp","href":"https:\/\/api.w.org\/{rel}","templated":true}]}}