{"id":5852,"date":"2024-11-09T09:54:37","date_gmt":"2024-11-09T09:54:37","guid":{"rendered":"https:\/\/247stiri.ro\/index.php\/2024\/11\/09\/incendiu-de-proprotii-la-o-fabrica-de-mobila-din-iasi-50-de-metri-din-acoperisul-halei-s-au-facut-scrum-video\/"},"modified":"2024-11-09T09:54:37","modified_gmt":"2024-11-09T09:54:37","slug":"incendiu-de-proprotii-la-o-fabrica-de-mobila-din-iasi-50-de-metri-din-acoperisul-halei-s-au-facut-scrum-video","status":"publish","type":"post","link":"https:\/\/247stiri.ro\/index.php\/2024\/11\/09\/incendiu-de-proprotii-la-o-fabrica-de-mobila-din-iasi-50-de-metri-din-acoperisul-halei-s-au-facut-scrum-video\/","title":{"rendered":"Incendiu de propro\u021bii la o fabric\u0103 de mobil\u0103 din Ia\u0219i. 50 de metri din acoperi\u0219ul halei s-au f\u0103cut scrum VIDEO"},"content":{"rendered":"<p>Purt\u0103torul de cuv\u00e2nt al ISU Ia\u015fi, Georgic\u0103 Onofreiasa, a declarat c\u0103 incendiul a fost produs la de\u015feuri lemnoase.&#8221;La locul solicit\u0103rii ac\u0163ioneaz\u0103 \u015fase autospeciale de stingere, dou\u0103 autoplatform\u0103 pentru salv\u0103ri de la \u00een\u0103l\u0163ime, o ambulan\u0163\u0103 de prim ajutor calificat, o autospecial\u0103 pentru transportul\u00a0persoanelor. Incendiul se manifesta cu flac\u0103r\u0103 \u015fi degaj\u0103ri de fum \u00een interiorul halei pe o suprafa\u0163\u0103 de aproximativ 300 metri p\u0103tra\u0163i. \u00cen urma incendiului au ars aproximativ 50 metri p\u0103tra\u0163i din acoperi\u015ful tip teras\u0103 cu \u00eenvelitoarea bituminoas\u0103 \u015fi diverse de\u015feuri, lacuri \u015fi solven\u0163i. A fost salvat\u0103 cl\u0103direa \u00een suprafa\u0163\u0103 de aproximativ 70.000 metri p\u0103tra\u0163i. Cauza probabil\u0103 de producere a incendiului au fost sc\u00e2nteile mecanice produse de dispozitivul de t\u0103iere, c\u0103zute pe elementele combustibile din imediata apropiere&#8221;, a declarat Onofreiasa.\u00a0<\/p>","protected":false},"excerpt":{"rendered":"<p>Purt\u0103torul de cuv\u00e2nt al ISU Ia\u015fi, Georgic\u0103 Onofreiasa, a declarat c\u0103 incendiul a fost produs&hellip;<\/p>\n","protected":false},"author":0,"featured_media":5853,"comment_status":"open","ping_status":"open","sticky":false,"template":"","format":"standard","meta":{"footnotes":""},"categories":[2],"tags":[],"class_list":["post-5852","post","type-post","status-publish","format-standard","has-post-thumbnail","hentry","category-actual"],"_links":{"self":[{"href":"https:\/\/247stiri.ro\/index.php\/wp-json\/wp\/v2\/posts\/5852","targetHints":{"allow":["GET"]}}],"collection":[{"href":"https:\/\/247stiri.ro\/index.php\/wp-json\/wp\/v2\/posts"}],"about":[{"href":"https:\/\/247stiri.ro\/index.php\/wp-json\/wp\/v2\/types\/post"}],"replies":[{"embeddable":true,"href":"https:\/\/247stiri.ro\/index.php\/wp-json\/wp\/v2\/comments?post=5852"}],"version-history":[{"count":0,"href":"https:\/\/247stiri.ro\/index.php\/wp-json\/wp\/v2\/posts\/5852\/revisions"}],"wp:featuredmedia":[{"embeddable":true,"href":"https:\/\/247stiri.ro\/index.php\/wp-json\/wp\/v2\/media\/5853"}],"wp:attachment":[{"href":"https:\/\/247stiri.ro\/index.php\/wp-json\/wp\/v2\/media?parent=5852"}],"wp:term":[{"taxonomy":"category","embeddable":true,"href":"https:\/\/247stiri.ro\/index.php\/wp-json\/wp\/v2\/categories?post=5852"},{"taxonomy":"post_tag","embeddable":true,"href":"https:\/\/247stiri.ro\/index.php\/wp-json\/wp\/v2\/tags?post=5852"}],"curies":[{"name":"wp","href":"https:\/\/api.w.org\/{rel}","templated":true}]}}