{"id":58562,"date":"2026-01-16T08:45:00","date_gmt":"2026-01-16T08:45:00","guid":{"rendered":"https:\/\/247stiri.ro\/index.php\/2026\/01\/16\/marius-budai-atac-frontal-la-adresa-lui-bolojan-prima-locuinta-nu-se-impoziteaza-in-alte-tari-nu-i-mai-dezinformati-pe-romani-fiti-si-om-nu-doar-premier\/"},"modified":"2026-01-16T08:45:00","modified_gmt":"2026-01-16T08:45:00","slug":"marius-budai-atac-frontal-la-adresa-lui-bolojan-prima-locuinta-nu-se-impoziteaza-in-alte-tari-nu-i-mai-dezinformati-pe-romani-fiti-si-om-nu-doar-premier","status":"publish","type":"post","link":"https:\/\/247stiri.ro\/index.php\/2026\/01\/16\/marius-budai-atac-frontal-la-adresa-lui-bolojan-prima-locuinta-nu-se-impoziteaza-in-alte-tari-nu-i-mai-dezinformati-pe-romani-fiti-si-om-nu-doar-premier\/","title":{"rendered":"Marius Bud\u0103i, atac frontal la adresa lui Bolojan: \u201ePrima locuin\u021b\u0103 nu se impoziteaz\u0103 \u00een alte \u021b\u0103ri. Nu-i mai dezinforma\u021bi pe rom\u00e2ni. Fi\u021bi \u0219i om, nu doar premier!\u201d"},"content":{"rendered":"<p>\u00cen mesajul s\u0103u, liderul PSD subliniaz\u0103 c\u0103 \u00een numeroase \u021b\u0103ri europene prima locuin\u021b\u0103 nu este impozitat\u0103 deloc sau beneficiaz\u0103 de reduceri semnificative, \u00een timp ce \u00een Rom\u00e2nia taxele cresc \u00een paralel cu sc\u0103derea puterii de cump\u0103rare. Bud\u0103i repro\u0219eaz\u0103 Executivului c\u0103 nu a fost interesat de compara\u021biile europene atunci c\u00e2nd a fost vorba de majorarea salariului minim, dar le folose\u0219te acum pentru a justifica cre\u0219terea impozitelor.<\/p>\n<p>\u201eDomnule prim-ministru Ilie Bolojan, dac\u0103 tot a\u021bi crescut impozitele pe proprietate, v\u0103 rog m\u0103car s\u0103 nu-i dezinforma\u021bi pe cet\u0103\u021beni c\u0103 la noi aceste taxe ar fi mult mai mici dec\u00e2t \u00een restul Europei! Afirma\u021bia este insult\u0103toare la adresa milioanelor de cet\u0103\u021beni rom\u00e2ni, ale c\u0103ror venituri sunt cu mult mai mici dec\u00e2t media UE. C\u00e2nd v\u0103 ceream s\u0103 majora\u021bi salariul minim, nu v\u0103 mai interesa compara\u021bia cu restul Europei! \u00cen plus, este o dezinformare! Sunt multe state \u00een UE unde regimul impozit\u0103rii locuin\u021belor este mult mai rezonabil dec\u00e2t \u00een Rom\u00e2nia.<\/p>\n<p>\u201eFi\u021bi \u0219i om, nu doar prim-ministru!\u201d<\/p>\n<p>Sunt mai multe \u021b\u0103ri unde prima locuin\u021b\u0103 nu se impoziteaz\u0103, \u00een ideea c\u0103 acolo oamenii locuiesc, nu produc venituri. Fran\u021ba, Italia, Slovacia, Slovenia, Cipru, Croa\u021bia, Luxemburg, Malta nu impoziteaz\u0103 prima locuin\u021b\u0103. La vecinii no\u0219tri bulgari impozitul pe prima locuin\u021b\u0103 e redus cu 50%, iar \u00een alte state, precum Portugalia, Polonia, Ungaria, Belgia impozitul pe prima locuin\u021b\u0103 are o valoare modic\u0103, pe metru p\u0103trat, nu la valoarea de pia\u021b\u0103, pentru c\u0103 nu to\u021bi fac afaceri imobiliare \u0219i, \u00een fond, taxa este pe proprietate, nu este pe o tranzac\u021bie!<\/p>\n<p>Apoi, \u00een alte state, guvernele au stabilit cote de impozitare mai reduse pentru familiile cu mul\u021bi copii, pentru cei cu venituri mici sau pentru tinerii care \u00ee\u0219i cump\u0103r\u0103 prima locuin\u021b\u0103. Deci, v\u0103 rog, nu-i mai dezinforma\u021bi pe cet\u0103\u021benii rom\u00e2ni! Iar dac\u0103 tot insista\u021bi pe aceast\u0103 linie a austerit\u0103\u021bii, ave\u021bi m\u0103car pu\u021bin\u0103 compasiune fa\u021b\u0103 de cei c\u0103rora le cere\u021bi s\u0103 str\u00e2ng\u0103 cureaua! Fi\u021bi \u0219i om, nu doar prim-ministru!\u201d, a postat Marius Bud\u0103i pe Facebook.<\/p>","protected":false},"excerpt":{"rendered":"<p>\u00cen mesajul s\u0103u, liderul PSD subliniaz\u0103 c\u0103 \u00een numeroase \u021b\u0103ri europene prima locuin\u021b\u0103 nu este&hellip;<\/p>\n","protected":false},"author":0,"featured_media":0,"comment_status":"open","ping_status":"open","sticky":false,"template":"","format":"standard","meta":{"footnotes":""},"categories":[3],"tags":[],"class_list":["post-58562","post","type-post","status-publish","format-standard","hentry","category-politica"],"_links":{"self":[{"href":"https:\/\/247stiri.ro\/index.php\/wp-json\/wp\/v2\/posts\/58562","targetHints":{"allow":["GET"]}}],"collection":[{"href":"https:\/\/247stiri.ro\/index.php\/wp-json\/wp\/v2\/posts"}],"about":[{"href":"https:\/\/247stiri.ro\/index.php\/wp-json\/wp\/v2\/types\/post"}],"replies":[{"embeddable":true,"href":"https:\/\/247stiri.ro\/index.php\/wp-json\/wp\/v2\/comments?post=58562"}],"version-history":[{"count":0,"href":"https:\/\/247stiri.ro\/index.php\/wp-json\/wp\/v2\/posts\/58562\/revisions"}],"wp:attachment":[{"href":"https:\/\/247stiri.ro\/index.php\/wp-json\/wp\/v2\/media?parent=58562"}],"wp:term":[{"taxonomy":"category","embeddable":true,"href":"https:\/\/247stiri.ro\/index.php\/wp-json\/wp\/v2\/categories?post=58562"},{"taxonomy":"post_tag","embeddable":true,"href":"https:\/\/247stiri.ro\/index.php\/wp-json\/wp\/v2\/tags?post=58562"}],"curies":[{"name":"wp","href":"https:\/\/api.w.org\/{rel}","templated":true}]}}