{"id":58563,"date":"2026-01-16T08:45:01","date_gmt":"2026-01-16T08:45:01","guid":{"rendered":"https:\/\/247stiri.ro\/index.php\/2026\/01\/16\/tensiuni-in-coalitie-primarii-psd-din-iasi-boicoteaza-intalnirea-cu-premierul-bolojan\/"},"modified":"2026-01-16T08:45:01","modified_gmt":"2026-01-16T08:45:01","slug":"tensiuni-in-coalitie-primarii-psd-din-iasi-boicoteaza-intalnirea-cu-premierul-bolojan","status":"publish","type":"post","link":"https:\/\/247stiri.ro\/index.php\/2026\/01\/16\/tensiuni-in-coalitie-primarii-psd-din-iasi-boicoteaza-intalnirea-cu-premierul-bolojan\/","title":{"rendered":"Tensiuni \u00een Coali\u021bie: primarii PSD din Ia\u0219i BOICOTEAZ\u0102 \u00eent\u00e2lnirea cu premierul Bolojan"},"content":{"rendered":"<p>PSD Ia\u015fi a anun\u0163at, vineri, c\u0103 primarii social-democra\u0163i din jude\u0163 nu vor fi prezen\u0163i la discu\u0163iile cu premierul Ilie Bolojan, programate vineri la Palatul Culturii din Ia\u015fi.<\/p>\n<p>\u201dPremierul \u201eTaie-Tot\u201d, liberalul Ilie Bolojan, acest propov\u0103duitor al austerit\u0103\u0163ii, vine la Ia\u015fi, ast\u0103zi, s\u0103 se \u00eent\u00e2lneasc\u0103 cu primarii din jude\u0163. \u00centrunirea este, \u00eens\u0103, una pur formal\u0103: deciziile de reduceri bugetare au fost deja luate. Adoptarea m\u0103surilor de austeritate, f\u0103r\u0103 o consultare real\u0103 cu toate p\u0103r\u0163ile implicate, va avea efecte dramatice asupra comunit\u0103\u0163ilor locale. Ignorarea partenerilor politici \u015fi a opiniei publice este inacceptabil\u0103. \u00a0Dup\u0103 o atent\u0103 analiz\u0103, primarii PSD din jude\u0163ul Ia\u015fi au decis s\u0103 nu participe la convocarea f\u0103cut\u0103 de Ilie Bolojan. Pentru c\u0103 PSD nu vrea s\u0103 legitimeze austeritatea, nu vrea s\u0103 gireze t\u0103ierile, nu vrea s\u0103r\u0103cie\u201d, transmit reprezentan\u021bii conducerii PSD Ia\u015fi \u00eentr-o postare pe Facebook.<\/p>\n\n<p>Social-democra\u0163ii sus\u0163in c\u0103 la \u00eent\u00e2lnirea de la Ia\u015fi nu au fost invita\u0163i \u015fi parlamentarii social-democra\u0163i, de\u015fi ace\u015ftia contribuie la asigurarea unei majorit\u0103\u0163i \u00een Parlament.<\/p>\n<p><a href=\"https:\/\/www.realitatea.net\/stiri\/politica\/marius-budai-atac-frontal-la-adresa-lui-bolojan-prima-locuinta-nu-se-impoziteaza-in-alte-tari-nui-mai-dezinformati-pe-romani-fiti-si-om-nu-doar-premier_6969f49940241925e67a77c2\" target=\"_blank\">Marius Bud\u0103i, atac frontal la adresa lui Bolojan: \u201ePrima locuin\u021b\u0103 nu se impoziteaz\u0103 \u00een alte \u021b\u0103ri. Nu-i mai dezinforma\u021bi pe rom\u00e2ni. Fi\u021bi \u0219i om, nu doar premier!\u201d<\/a><\/p>\n<p>\u201dCa partid situat pe primul loc \u00een preferin\u0163ele ie\u015fenilor la alegerile parlamentare de la sf\u00e2r\u015fitul anului 2024, PSD trebuia s\u0103 se afle la mas\u0103 cu premierul pentru a discuta, dincolo de m\u0103surile de restric\u0163ie bugetar\u0103, \u015fi un plan serios de investi\u0163ii publice pentru zona noastr\u0103. Nu este pentru prima dat\u0103 c\u00e2nd Ilie Bolojan, \u00een calitate de prim-ministru, refuz\u0103 o astfel de \u00eentrevedere \u00een interesul ie\u015fenilor\u201d,sus\u021bin social-democra\u021bii ie\u0219eni.<\/p>\n<p>Premierul Ilie Bolojan se deplaseaz\u0103 vineri la Ia\u015fi \u015fi Boto\u015fani, pentru a discuta cu primarii din cele dou\u0103 jude\u0163e pe teme ce \u0163in de administra\u0163ia public\u0103 local\u0103. Potrivit Biroului de pres\u0103 al Guvernului, la \u00eent\u00e2lniri vor participa \u015fi reprezentan\u0163i ai Ministerului Dezvolt\u0103rii, Lucr\u0103rilor Publice \u015fi Administra\u0163iei.<\/p>","protected":false},"excerpt":{"rendered":"<p>PSD Ia\u015fi a anun\u0163at, vineri, c\u0103 primarii social-democra\u0163i din jude\u0163 nu vor fi prezen\u0163i la&hellip;<\/p>\n","protected":false},"author":0,"featured_media":0,"comment_status":"open","ping_status":"open","sticky":false,"template":"","format":"standard","meta":{"footnotes":""},"categories":[3],"tags":[],"class_list":["post-58563","post","type-post","status-publish","format-standard","hentry","category-politica"],"_links":{"self":[{"href":"https:\/\/247stiri.ro\/index.php\/wp-json\/wp\/v2\/posts\/58563","targetHints":{"allow":["GET"]}}],"collection":[{"href":"https:\/\/247stiri.ro\/index.php\/wp-json\/wp\/v2\/posts"}],"about":[{"href":"https:\/\/247stiri.ro\/index.php\/wp-json\/wp\/v2\/types\/post"}],"replies":[{"embeddable":true,"href":"https:\/\/247stiri.ro\/index.php\/wp-json\/wp\/v2\/comments?post=58563"}],"version-history":[{"count":0,"href":"https:\/\/247stiri.ro\/index.php\/wp-json\/wp\/v2\/posts\/58563\/revisions"}],"wp:attachment":[{"href":"https:\/\/247stiri.ro\/index.php\/wp-json\/wp\/v2\/media?parent=58563"}],"wp:term":[{"taxonomy":"category","embeddable":true,"href":"https:\/\/247stiri.ro\/index.php\/wp-json\/wp\/v2\/categories?post=58563"},{"taxonomy":"post_tag","embeddable":true,"href":"https:\/\/247stiri.ro\/index.php\/wp-json\/wp\/v2\/tags?post=58563"}],"curies":[{"name":"wp","href":"https:\/\/api.w.org\/{rel}","templated":true}]}}