{"id":58576,"date":"2026-01-16T09:45:16","date_gmt":"2026-01-16T09:45:16","guid":{"rendered":"https:\/\/247stiri.ro\/index.php\/2026\/01\/16\/incendiu-de-proportii-in-judetul-satu-mare-o-persoana-s-a-ales-cu-arsuri-iar-o-alta-s-a-intoxicat-cu-fum-foto\/"},"modified":"2026-01-16T09:45:16","modified_gmt":"2026-01-16T09:45:16","slug":"incendiu-de-proportii-in-judetul-satu-mare-o-persoana-s-a-ales-cu-arsuri-iar-o-alta-s-a-intoxicat-cu-fum-foto","status":"publish","type":"post","link":"https:\/\/247stiri.ro\/index.php\/2026\/01\/16\/incendiu-de-proportii-in-judetul-satu-mare-o-persoana-s-a-ales-cu-arsuri-iar-o-alta-s-a-intoxicat-cu-fum-foto\/","title":{"rendered":"Incendiu de propor\u021bii \u00een jude\u021bul Satu-Mare. O persoan\u0103 s-a ales cu arsuri, iar o alta s-a intoxicat cu fum -FOTO"},"content":{"rendered":"<p>Incidentul s-a petrecut \u00een localitatea Bercu, comuna Lazuri, unde<a href=\"https:\/\/www.realitatea.net\/stiri\/actual\/moarte-cumplita-pentru-o-batrana-din-vaslui-a-ars-de-vie-in-propria-casa-intrun-incendiu-devastator_69689fb95833bc79a467b097\" target=\"_blank\"> fl\u0103c\u0103rile<\/a> s-au r\u0103sp\u00e2ndit pe o suprafa\u021b\u0103 de aproximativ 100 de metri p\u0103tra\u021bi, \u00eentr-un imobil tip duplex.\u00a0<\/p>\n\n<p>La fa\u021ba locului au intervenit pompierii cu dou\u0103 autospeciale de stingere cu ap\u0103 \u0219i spum\u0103, o autospecial\u0103 de prim ajutor precum \u0219i 14 cadre operative.<\/p>\n\n<p>\u201dLa sosirea echipajelor profesioniste, incendiul se manifesta generalizat pe o suprafa\u021b\u0103 de aproximativ 100 de metri p\u0103tra\u021bi cu propagare la casa alipit\u0103. \u00cen urma evenimentului, dou\u0103 persoane au fost transportate la Unitatea de Primiri Urgen\u021be: o persoan\u0103 de sex feminin \u00een v\u00e2rst\u0103 de aproximativ 69 de ani, care a suferit arsuri la nivelul scalpului \u0219i intoxica\u021bie cu monoxid de carbon; o persoan\u0103 de sex masculin b\u0103rbat \u00een v\u00e2rst\u0103 de aproximativ 51 de ani, fiul acesteia, cu intoxica\u021bie cu monoxid de carbon\u201d, precizeaz\u0103 reprezentan\u021bii ISU.<\/p>\n\n<p>Din primele cercet\u0103ri, cauza probabil\u0103 a incendiului a fost stabilit\u0103 ca fiind jar sau sc\u00e2ntei c\u0103zute din sob\u0103.\u00a0<\/p>","protected":false},"excerpt":{"rendered":"<p>Incidentul s-a petrecut \u00een localitatea Bercu, comuna Lazuri, unde fl\u0103c\u0103rile s-au r\u0103sp\u00e2ndit pe o suprafa\u021b\u0103&hellip;<\/p>\n","protected":false},"author":0,"featured_media":58577,"comment_status":"open","ping_status":"open","sticky":false,"template":"","format":"standard","meta":{"footnotes":""},"categories":[2],"tags":[],"class_list":["post-58576","post","type-post","status-publish","format-standard","has-post-thumbnail","hentry","category-actual"],"_links":{"self":[{"href":"https:\/\/247stiri.ro\/index.php\/wp-json\/wp\/v2\/posts\/58576","targetHints":{"allow":["GET"]}}],"collection":[{"href":"https:\/\/247stiri.ro\/index.php\/wp-json\/wp\/v2\/posts"}],"about":[{"href":"https:\/\/247stiri.ro\/index.php\/wp-json\/wp\/v2\/types\/post"}],"replies":[{"embeddable":true,"href":"https:\/\/247stiri.ro\/index.php\/wp-json\/wp\/v2\/comments?post=58576"}],"version-history":[{"count":0,"href":"https:\/\/247stiri.ro\/index.php\/wp-json\/wp\/v2\/posts\/58576\/revisions"}],"wp:featuredmedia":[{"embeddable":true,"href":"https:\/\/247stiri.ro\/index.php\/wp-json\/wp\/v2\/media\/58577"}],"wp:attachment":[{"href":"https:\/\/247stiri.ro\/index.php\/wp-json\/wp\/v2\/media?parent=58576"}],"wp:term":[{"taxonomy":"category","embeddable":true,"href":"https:\/\/247stiri.ro\/index.php\/wp-json\/wp\/v2\/categories?post=58576"},{"taxonomy":"post_tag","embeddable":true,"href":"https:\/\/247stiri.ro\/index.php\/wp-json\/wp\/v2\/tags?post=58576"}],"curies":[{"name":"wp","href":"https:\/\/api.w.org\/{rel}","templated":true}]}}