{"id":58739,"date":"2026-01-16T20:44:46","date_gmt":"2026-01-16T20:44:46","guid":{"rendered":"https:\/\/247stiri.ro\/index.php\/2026\/01\/16\/mii-de-bucuresteni-stau-in-frig-in-apartamente-intr-una-din-cele-mai-geroase-nopti-harta\/"},"modified":"2026-01-16T20:44:46","modified_gmt":"2026-01-16T20:44:46","slug":"mii-de-bucuresteni-stau-in-frig-in-apartamente-intr-una-din-cele-mai-geroase-nopti-harta","status":"publish","type":"post","link":"https:\/\/247stiri.ro\/index.php\/2026\/01\/16\/mii-de-bucuresteni-stau-in-frig-in-apartamente-intr-una-din-cele-mai-geroase-nopti-harta\/","title":{"rendered":"Mii de bucure\u0219teni stau \u00een frig \u00een apartamente, \u00eentr-una din cele mai geroase nop\u021bi \u2013 HART\u0102"},"content":{"rendered":"<p>Potrivit datelor transmise \u00een timp real de Termoenergetica, dintre cele 781 de puncte termice din Bucure\u0219ti, 781 func\u021bioneaz\u0103 normal, 168 au deficien\u021be de func\u021bionare, iar dou\u0103 nu func\u021bioneaz\u0103 deloc.<\/p>\n<p>Conform aceleia\u0219i surse, este vorba de peste 1.100 de blocuri care au probleme de \u00eenc\u0103lzire.<\/p>\n<p>Cele mai afectate cartiere sunt cele din sectoarele 2 \u0219i 3, unde se concentreaz\u0103 cele mai multe puncte termice cu defec\u021biuni \u0219i cele mai multe imobile care primesc agent termic sub parametri sau deloc.<\/p>\n<p>1. Pantelimon (Sectorul 2 &amp; 3) \u2013 cel mai afectat<\/p>\n<p>Zeci de puncte termice cu probleme<\/p>\n<p>Sute de blocuri afectate<\/p>\n<p>Zonele: Chi\u0219in\u0103u, Ritmului, Baicului, Avrig, M\u0103gura Vulturului, Socului este, de departe, zona cu cele mai multe blocuri f\u0103r\u0103 c\u0103ldur\u0103.<\/p>\n<p>2. Tei \u2013 Lacul Tei \u2013 Colentina (Sectorul 2)<\/p>\n<p>Probleme masive la punctele termice: Jude\u021bului, 5 Lacul Tei, Ramuri Tei, 13 Lacul Tei, 1 Teiul Doamnei, 2 Colentina, 7 Colentina<\/p>\n<p>Zeci \u0219i zeci de blocuri afectate \u00een fiecare sub\u2011zon\u0103.<\/p>\n<p>3. Iancului \u2013 Fundeni (Sectorul 2)<\/p>\n<p>Puncte termice cu 15, 14, 31, 17 blocuri afectate fiecare<\/p>\n<p>Probleme persistente cu parametrii insuficien\u021bi de la CET Sud.<\/p>\n<p>4. Titan \u2013 1 Decembrie \u2013 Pallady (Sectorul 3)<\/p>\n<p>Puncte termice cu 20, 28, 26, 25, 27 blocuri afectate<\/p>\n<p>Zonele: Trapezului, Liviu Rebreanu, Theodor Pallady, Ozana<\/p>\n<p>5. Dristor \u2013 Baba Novac \u2013 Vitan (Sectorul 3)<\/p>\n<p>Avarii \u0219i opriri la puncte termice din Dristor, Baba Novac, Vitan<\/p>\n<p>Zeci de blocuri cu \u00eenc\u0103lzire slab\u0103<\/p>","protected":false},"excerpt":{"rendered":"<p>Potrivit datelor transmise \u00een timp real de Termoenergetica, dintre cele 781 de puncte termice din&hellip;<\/p>\n","protected":false},"author":0,"featured_media":58740,"comment_status":"open","ping_status":"open","sticky":false,"template":"","format":"standard","meta":{"footnotes":""},"categories":[2],"tags":[],"class_list":["post-58739","post","type-post","status-publish","format-standard","has-post-thumbnail","hentry","category-actual"],"_links":{"self":[{"href":"https:\/\/247stiri.ro\/index.php\/wp-json\/wp\/v2\/posts\/58739","targetHints":{"allow":["GET"]}}],"collection":[{"href":"https:\/\/247stiri.ro\/index.php\/wp-json\/wp\/v2\/posts"}],"about":[{"href":"https:\/\/247stiri.ro\/index.php\/wp-json\/wp\/v2\/types\/post"}],"replies":[{"embeddable":true,"href":"https:\/\/247stiri.ro\/index.php\/wp-json\/wp\/v2\/comments?post=58739"}],"version-history":[{"count":0,"href":"https:\/\/247stiri.ro\/index.php\/wp-json\/wp\/v2\/posts\/58739\/revisions"}],"wp:featuredmedia":[{"embeddable":true,"href":"https:\/\/247stiri.ro\/index.php\/wp-json\/wp\/v2\/media\/58740"}],"wp:attachment":[{"href":"https:\/\/247stiri.ro\/index.php\/wp-json\/wp\/v2\/media?parent=58739"}],"wp:term":[{"taxonomy":"category","embeddable":true,"href":"https:\/\/247stiri.ro\/index.php\/wp-json\/wp\/v2\/categories?post=58739"},{"taxonomy":"post_tag","embeddable":true,"href":"https:\/\/247stiri.ro\/index.php\/wp-json\/wp\/v2\/tags?post=58739"}],"curies":[{"name":"wp","href":"https:\/\/api.w.org\/{rel}","templated":true}]}}